{"id":8814,"date":"2026-02-23T15:09:48","date_gmt":"2026-02-23T15:09:48","guid":{"rendered":"https:\/\/libellula.eu\/?p=8814"},"modified":"2026-02-23T16:37:46","modified_gmt":"2026-02-23T16:37:46","slug":"libellula-srl-apoia-a-nova-creche-de-roreto-di-cherasco","status":"publish","type":"post","link":"https:\/\/libellula.eu\/pt\/projectos\/libellula-srl-apoia-a-nova-creche-de-roreto-di-cherasco\/","title":{"rendered":"Libellula Srl apoia a nova creche de Roreto di Cherasco"},"content":{"rendered":"<p>Um investimento no territ\u00f3rio para a educa\u00e7\u00e3o, o bem-estar e a sustentabilidade<\/p>\n\n\n\n<h2 class=\"wp-block-heading\" id=\"h-il-progetto-del-nuovo-asilo-nido\"><strong>O projeto do novo jardim de inf\u00e2ncia<\/strong><\/h2>\n\n\n\n<p>A Libellula Srl est\u00e1 entre as empresas que optaram por apoiar a realiza\u00e7\u00e3o do projeto <strong>nova escola infantil p\u00fablica em Roreto di Cherasco<\/strong>localizado na cidadela do<a href=\"https:\/\/www.linkedin.com\/posts\/libellula-s-r-l-_asilo-cherasco-activity-7382343956434673664-NVP8?utm_source=share&amp;utm_medium=member_desktop&amp;rcm=ACoAAAgDoqQBh0O6LHm40X_nUesnSlRlP_6PJRU\">inf\u00e2ncia de via Gandolfino<\/a>.<\/p>\n\n\n\n<p>Gra\u00e7as a mais de 200.000 euros de contribui\u00e7\u00f5es privadas, seis empresas locais - entre as quais a Libellula - apoiaram uma iniciativa p\u00fablica para a realiza\u00e7\u00e3o de obras n\u00e3o cobertas pelos fundos do PNRR. As principais interven\u00e7\u00f5es dizem respeito a:<\/p>\n\n\n\n<ul class=\"wp-block-list\">\n<li>Disposi\u00e7\u00e3o dos caminhos pedonais<\/li>\n\n\n\n<li>Cria\u00e7\u00e3o de zonas verdes<\/li>\n\n\n\n<li>Melhorar a acessibilidade dos espa\u00e7os urbanos<\/li>\n<\/ul>\n\n\n\n<p>Estas obras contribuem para uma <strong>ambiente educativo acolhedor, sustent\u00e1vel e integrado<\/strong>.<\/p>\n\n\n\n<h2 class=\"wp-block-heading\" id=\"h-caratteristiche-del-nuovo-asilo-nido\"><strong>Carater\u00edsticas do novo jardim de inf\u00e2ncia<\/strong><\/h2>\n\n\n\n<p>O novo jardim de inf\u00e2ncia, desenvolvido num \u00fanico piso com cerca de 450 metros quadrados, pode acolher at\u00e9 <strong>30 crian\u00e7as<\/strong>. Os espa\u00e7os incluem:<\/p>\n\n\n\n<ul class=\"wp-block-list\">\n<li>Salas de aula e oficinas concebidas para estimular a criatividade<\/li>\n\n\n\n<li>Espa\u00e7os comuns para brincar e para o bem-estar das crian\u00e7as<\/li>\n\n\n\n<li>Design inspirado nos lagos, com materiais naturais e cores delicadas<\/li>\n<\/ul>\n\n\n\n<p>Al\u00e9m disso, um <strong>Sistema fotovoltaico de 26 kW<\/strong>Este facto confirma a \u00eanfase na sustentabilidade ambiental e na efici\u00eancia energ\u00e9tica.<\/p>\n\n\n\n<figure class=\"wp-block-image size-large\"><img fetchpriority=\"high\" decoding=\"async\" width=\"1024\" height=\"561\" src=\"https:\/\/libellula.eu\/wp-content\/uploads\/2026\/02\/image-2-1024x561.png\" alt=\"\" class=\"wp-image-8819\" srcset=\"https:\/\/libellula.eu\/wp-content\/uploads\/2026\/02\/image-2-1024x561.png 1024w, https:\/\/libellula.eu\/wp-content\/uploads\/2026\/02\/image-2-300x165.png 300w, https:\/\/libellula.eu\/wp-content\/uploads\/2026\/02\/image-2-768x421.png 768w, https:\/\/libellula.eu\/wp-content\/uploads\/2026\/02\/image-2-18x10.png 18w, https:\/\/libellula.eu\/wp-content\/uploads\/2026\/02\/image-2.png 1200w\" sizes=\"(max-width: 1024px) 100vw, 1024px\" \/><\/figure>\n\n\n\n<h2 class=\"wp-block-heading\" id=\"h-il-ruolo-di-libellula-srl-nel-territorio\"><strong>O papel da Libellula Srl no territ\u00f3rio<\/strong><\/h2>\n\n\n\n<p>Para o Libellula, a contribui\u00e7\u00e3o para o novo jardim de inf\u00e2ncia \u00e9 um gesto concreto de <strong>restitui\u00e7\u00e3o ao territ\u00f3rio<\/strong> e ac\u00e7\u00f5es coerentes com a sua vis\u00e3o empresarial centrada nas pessoas e no bem-estar coletivo.<\/p>\n\n\n\n<blockquote class=\"wp-block-quote is-layout-flow wp-block-quote-is-layout-flow\">\n<p>\"Estamos convencidos de que o futuro da inova\u00e7\u00e3o tamb\u00e9m reside na capacidade de imaginar e construir locais onde a educa\u00e7\u00e3o, a beleza e a sustentabilidade est\u00e3o interligadas\". <strong>Eleonora Alessandria, Gestora de RH no Libellula<\/strong>.<\/p>\n<\/blockquote>\n\n\n\n<p>Os filhos dos colaboradores do Libellula tamb\u00e9m ter\u00e3o <strong>acesso priorit\u00e1rio ao servi\u00e7o<\/strong>refor\u00e7ar a liga\u00e7\u00e3o entre a empresa, as pessoas e a comunidade.<\/p>\n\n\n\n<h2 class=\"wp-block-heading\" id=\"h-impegno-di-libellula-verso-welfare-e-responsabilita-sociale\"><strong>O compromisso do Libellula com o bem-estar e a responsabilidade social<\/strong><\/h2>\n\n\n\n<p>Nos \u00faltimos anos, o Libellula desenvolveu pol\u00edticas estruturadas de:<\/p>\n\n\n\n<ul class=\"wp-block-list\">\n<li>Bem-estar das empresas com o <strong><a href=\"https:\/\/libellula.eu\/pt\/projectos\/libellula-apresenta-mind-the-break\/\">Cuidado com o intervalo<\/a><\/strong><\/li>\n\n\n\n<li>Flexibilidade e apoio \u00e0 parentalidade<\/li>\n\n\n\n<li>Inclus\u00e3o e igualdade entre homens e mulheres com KPIs de monitoriza\u00e7\u00e3o, forma\u00e7\u00e3o cont\u00ednua e governa\u00e7\u00e3o espec\u00edfica<\/li>\n<\/ul>\n\n\n\n<blockquote class=\"wp-block-quote is-layout-flow wp-block-quote-is-layout-flow\">\n<p>Construir um futuro sustent\u00e1vel para o trabalho significa investir nas pessoas e nos contextos em que vivem\" - <strong>Umberto Cammardella, Diretor Executivo do Libellula<\/strong>.<\/p>\n<\/blockquote>\n\n\n\n<p>O apoio \u00e0 creche reflecte a vis\u00e3o do Libellula como <strong>empresa que gera valor social e valor econ\u00f3mico<\/strong>.<\/p>\n\n\n\n<figure class=\"wp-block-image size-large\"><img decoding=\"async\" width=\"1024\" height=\"669\" data-src=\"https:\/\/libellula.eu\/wp-content\/uploads\/2026\/02\/WhatsApp-Image-2026-02-23-at-15.39.10-1024x669.jpeg\" alt=\"\" class=\"wp-image-8822 lazyload\" data-srcset=\"https:\/\/libellula.eu\/wp-content\/uploads\/2026\/02\/WhatsApp-Image-2026-02-23-at-15.39.10-1024x669.jpeg 1024w, https:\/\/libellula.eu\/wp-content\/uploads\/2026\/02\/WhatsApp-Image-2026-02-23-at-15.39.10-300x196.jpeg 300w, https:\/\/libellula.eu\/wp-content\/uploads\/2026\/02\/WhatsApp-Image-2026-02-23-at-15.39.10-768x502.jpeg 768w, https:\/\/libellula.eu\/wp-content\/uploads\/2026\/02\/WhatsApp-Image-2026-02-23-at-15.39.10-18x12.jpeg 18w, https:\/\/libellula.eu\/wp-content\/uploads\/2026\/02\/WhatsApp-Image-2026-02-23-at-15.39.10.jpeg 1200w\" data-sizes=\"(max-width: 1024px) 100vw, 1024px\" src=\"data:image\/svg+xml;base64,PHN2ZyB3aWR0aD0iMSIgaGVpZ2h0PSIxIiB4bWxucz0iaHR0cDovL3d3dy53My5vcmcvMjAwMC9zdmciPjwvc3ZnPg==\" style=\"--smush-placeholder-width: 1024px; --smush-placeholder-aspect-ratio: 1024\/669;\" \/><\/figure>\n\n\n\n<h2 class=\"wp-block-heading\" id=\"h-per-un-futuro-inclusivo-e-sostenibile\"><strong>Para um futuro inclusivo e sustent\u00e1vel<\/strong><\/h2>\n\n\n\n<p>Com este projeto, o Libellula confirma a sua vontade de ser n\u00e3o s\u00f3 uma refer\u00eancia no <strong>sector do software industrial<\/strong>mas tamb\u00e9m um modelo de neg\u00f3cio capaz de combinar:<\/p>\n\n\n\n<ul class=\"wp-block-list\">\n<li>Inova\u00e7\u00e3o tecnol\u00f3gica<\/li>\n\n\n\n<li>Aten\u00e7\u00e3o \u00e0s pessoas<\/li>\n\n\n\n<li>Compromisso com o territ\u00f3rio<\/li>\n<\/ul>\n\n\n\n<p>A nova creche p\u00fablica de Roreto di Cherasco torna-se assim um s\u00edmbolo concreto de <strong>educa\u00e7\u00e3o, sustentabilidade e bem-estar das fam\u00edlias<\/strong>contribuindo para um futuro mais inclusivo para as novas gera\u00e7\u00f5es.<\/p>\n\n\n\n<figure class=\"wp-block-image size-full\"><img decoding=\"async\" width=\"751\" height=\"740\" data-src=\"https:\/\/libellula.eu\/wp-content\/uploads\/2026\/02\/Gemini_Generated_Image_6h92lx6h92lx6h92-1.png\" alt=\"\" class=\"wp-image-8827 lazyload\" data-srcset=\"https:\/\/libellula.eu\/wp-content\/uploads\/2026\/02\/Gemini_Generated_Image_6h92lx6h92lx6h92-1.png 751w, https:\/\/libellula.eu\/wp-content\/uploads\/2026\/02\/Gemini_Generated_Image_6h92lx6h92lx6h92-1-300x296.png 300w, https:\/\/libellula.eu\/wp-content\/uploads\/2026\/02\/Gemini_Generated_Image_6h92lx6h92lx6h92-1-12x12.png 12w\" data-sizes=\"(max-width: 751px) 100vw, 751px\" src=\"data:image\/svg+xml;base64,PHN2ZyB3aWR0aD0iMSIgaGVpZ2h0PSIxIiB4bWxucz0iaHR0cDovL3d3dy53My5vcmcvMjAwMC9zdmciPjwvc3ZnPg==\" style=\"--smush-placeholder-width: 751px; --smush-placeholder-aspect-ratio: 751\/740;\" \/><\/figure>","protected":false},"excerpt":{"rendered":"<p>Un investimento nel territorio per l\u2019educazione, il benessere e la sostenibilit\u00e0 Il progetto del nuovo asilo nido Libellula Srl \u00e8 tra le aziende che hanno scelto di sostenere la realizzazione del nuovo asilo nido pubblico di Roreto di Cherasco, situato nella cittadella dell\u2019infanzia di via Gandolfino. Grazie a oltre 200.000 euro di contributi privati, sei [&hellip;]<\/p>\n","protected":false},"author":3,"featured_media":8815,"comment_status":"open","ping_status":"open","sticky":false,"template":"","format":"standard","meta":{"footnotes":""},"categories":[32],"tags":[],"class_list":["post-8814","post","type-post","status-publish","format-standard","has-post-thumbnail","hentry","category-progetti"],"yoast_head":"<!-- This site is optimized with the Yoast SEO Premium plugin v26.1 (Yoast SEO v27.4) - https:\/\/yoast.com\/product\/yoast-seo-premium-wordpress\/ -->\n<title>Libellula Srl sostiene il nuovo asilo nido di Roreto di Cherasco - Libellula<\/title>\n<meta name=\"description\" content=\"Libellula Srl contribuisce al nuovo asilo nido pubblico di Roreto, promuovendo educazione, sostenibilit\u00e0 e benessere delle famiglie\" \/>\n<meta name=\"robots\" content=\"index, follow, max-snippet:-1, max-image-preview:large, max-video-preview:-1\" \/>\n<link rel=\"canonical\" href=\"https:\/\/libellula.eu\/pt\/projectos\/libellula-srl-apoia-a-nova-creche-de-roreto-di-cherasco\/\" \/>\n<meta property=\"og:locale\" content=\"pt_PT\" \/>\n<meta property=\"og:type\" content=\"article\" \/>\n<meta property=\"og:title\" content=\"Libellula Srl sostiene il nuovo asilo nido di Roreto di Cherasco\" \/>\n<meta property=\"og:description\" content=\"Libellula Srl contribuisce al nuovo asilo nido pubblico di Roreto, promuovendo educazione, sostenibilit\u00e0 e benessere delle famiglie\" \/>\n<meta property=\"og:url\" content=\"https:\/\/libellula.eu\/pt\/projectos\/libellula-srl-apoia-a-nova-creche-de-roreto-di-cherasco\/\" \/>\n<meta property=\"og:site_name\" content=\"Libellula\" \/>\n<meta property=\"article:published_time\" content=\"2026-02-23T15:09:48+00:00\" \/>\n<meta property=\"article:modified_time\" content=\"2026-02-23T16:37:46+00:00\" \/>\n<meta property=\"og:image\" content=\"https:\/\/libellula.eu\/wp-content\/uploads\/2026\/02\/WhatsApp-Image-2026-02-11-at-16.36.40.jpeg\" \/>\n\t<meta property=\"og:image:width\" content=\"1600\" \/>\n\t<meta property=\"og:image:height\" content=\"1200\" \/>\n\t<meta property=\"og:image:type\" content=\"image\/jpeg\" \/>\n<meta name=\"author\" content=\"Silvia\" \/>\n<meta name=\"twitter:card\" content=\"summary_large_image\" \/>\n<meta name=\"twitter:label1\" content=\"Escrito por\" \/>\n\t<meta name=\"twitter:data1\" content=\"Silvia\" \/>\n\t<meta name=\"twitter:label2\" content=\"Tempo estimado de leitura\" \/>\n\t<meta name=\"twitter:data2\" content=\"3 minutos\" \/>\n<script type=\"application\/ld+json\" class=\"yoast-schema-graph\">{\"@context\":\"https:\\\/\\\/schema.org\",\"@graph\":[{\"@type\":\"Article\",\"@id\":\"https:\\\/\\\/libellula.eu\\\/progetti\\\/libellula-srl-sostiene-il-nuovo-asilo-nido-di-roreto-di-cherasco\\\/#article\",\"isPartOf\":{\"@id\":\"https:\\\/\\\/libellula.eu\\\/progetti\\\/libellula-srl-sostiene-il-nuovo-asilo-nido-di-roreto-di-cherasco\\\/\"},\"author\":{\"name\":\"Silvia\",\"@id\":\"https:\\\/\\\/libellula.eu\\\/#\\\/schema\\\/person\\\/a995fc56d90830242e8ccfa82e6e3c08\"},\"headline\":\"Libellula Srl sostiene il nuovo asilo nido di Roreto di Cherasco\",\"datePublished\":\"2026-02-23T15:09:48+00:00\",\"dateModified\":\"2026-02-23T16:37:46+00:00\",\"mainEntityOfPage\":{\"@id\":\"https:\\\/\\\/libellula.eu\\\/progetti\\\/libellula-srl-sostiene-il-nuovo-asilo-nido-di-roreto-di-cherasco\\\/\"},\"wordCount\":444,\"commentCount\":0,\"image\":{\"@id\":\"https:\\\/\\\/libellula.eu\\\/progetti\\\/libellula-srl-sostiene-il-nuovo-asilo-nido-di-roreto-di-cherasco\\\/#primaryimage\"},\"thumbnailUrl\":\"https:\\\/\\\/libellula.eu\\\/wp-content\\\/uploads\\\/2026\\\/02\\\/WhatsApp-Image-2026-02-11-at-16.36.40.jpeg\",\"articleSection\":[\"Progetti\"],\"inLanguage\":\"pt-PT\",\"potentialAction\":[{\"@type\":\"CommentAction\",\"name\":\"Comment\",\"target\":[\"https:\\\/\\\/libellula.eu\\\/progetti\\\/libellula-srl-sostiene-il-nuovo-asilo-nido-di-roreto-di-cherasco\\\/#respond\"]}]},{\"@type\":\"WebPage\",\"@id\":\"https:\\\/\\\/libellula.eu\\\/progetti\\\/libellula-srl-sostiene-il-nuovo-asilo-nido-di-roreto-di-cherasco\\\/\",\"url\":\"https:\\\/\\\/libellula.eu\\\/progetti\\\/libellula-srl-sostiene-il-nuovo-asilo-nido-di-roreto-di-cherasco\\\/\",\"name\":\"Libellula Srl sostiene il nuovo asilo nido di Roreto di Cherasco - Libellula\",\"isPartOf\":{\"@id\":\"https:\\\/\\\/libellula.eu\\\/#website\"},\"primaryImageOfPage\":{\"@id\":\"https:\\\/\\\/libellula.eu\\\/progetti\\\/libellula-srl-sostiene-il-nuovo-asilo-nido-di-roreto-di-cherasco\\\/#primaryimage\"},\"image\":{\"@id\":\"https:\\\/\\\/libellula.eu\\\/progetti\\\/libellula-srl-sostiene-il-nuovo-asilo-nido-di-roreto-di-cherasco\\\/#primaryimage\"},\"thumbnailUrl\":\"https:\\\/\\\/libellula.eu\\\/wp-content\\\/uploads\\\/2026\\\/02\\\/WhatsApp-Image-2026-02-11-at-16.36.40.jpeg\",\"datePublished\":\"2026-02-23T15:09:48+00:00\",\"dateModified\":\"2026-02-23T16:37:46+00:00\",\"author\":{\"@id\":\"https:\\\/\\\/libellula.eu\\\/#\\\/schema\\\/person\\\/a995fc56d90830242e8ccfa82e6e3c08\"},\"description\":\"Libellula Srl contribuisce al nuovo asilo nido pubblico di Roreto, promuovendo educazione, sostenibilit\u00e0 e benessere delle famiglie\",\"breadcrumb\":{\"@id\":\"https:\\\/\\\/libellula.eu\\\/progetti\\\/libellula-srl-sostiene-il-nuovo-asilo-nido-di-roreto-di-cherasco\\\/#breadcrumb\"},\"inLanguage\":\"pt-PT\",\"potentialAction\":[{\"@type\":\"ReadAction\",\"target\":[\"https:\\\/\\\/libellula.eu\\\/progetti\\\/libellula-srl-sostiene-il-nuovo-asilo-nido-di-roreto-di-cherasco\\\/\"]}]},{\"@type\":\"ImageObject\",\"inLanguage\":\"pt-PT\",\"@id\":\"https:\\\/\\\/libellula.eu\\\/progetti\\\/libellula-srl-sostiene-il-nuovo-asilo-nido-di-roreto-di-cherasco\\\/#primaryimage\",\"url\":\"https:\\\/\\\/libellula.eu\\\/wp-content\\\/uploads\\\/2026\\\/02\\\/WhatsApp-Image-2026-02-11-at-16.36.40.jpeg\",\"contentUrl\":\"https:\\\/\\\/libellula.eu\\\/wp-content\\\/uploads\\\/2026\\\/02\\\/WhatsApp-Image-2026-02-11-at-16.36.40.jpeg\",\"width\":1600,\"height\":1200,\"caption\":\"Libellula asilo nido Roreto\"},{\"@type\":\"BreadcrumbList\",\"@id\":\"https:\\\/\\\/libellula.eu\\\/progetti\\\/libellula-srl-sostiene-il-nuovo-asilo-nido-di-roreto-di-cherasco\\\/#breadcrumb\",\"itemListElement\":[{\"@type\":\"ListItem\",\"position\":1,\"name\":\"Home\",\"item\":\"https:\\\/\\\/libellula.eu\\\/\"},{\"@type\":\"ListItem\",\"position\":2,\"name\":\"Libellula Srl sostiene il nuovo asilo nido di Roreto di Cherasco\"}]},{\"@type\":\"WebSite\",\"@id\":\"https:\\\/\\\/libellula.eu\\\/#website\",\"url\":\"https:\\\/\\\/libellula.eu\\\/\",\"name\":\"Libellula\",\"description\":\"\",\"potentialAction\":[{\"@type\":\"SearchAction\",\"target\":{\"@type\":\"EntryPoint\",\"urlTemplate\":\"https:\\\/\\\/libellula.eu\\\/?s={search_term_string}\"},\"query-input\":{\"@type\":\"PropertyValueSpecification\",\"valueRequired\":true,\"valueName\":\"search_term_string\"}}],\"inLanguage\":\"pt-PT\"},{\"@type\":\"Person\",\"@id\":\"https:\\\/\\\/libellula.eu\\\/#\\\/schema\\\/person\\\/a995fc56d90830242e8ccfa82e6e3c08\",\"name\":\"Silvia\",\"image\":{\"@type\":\"ImageObject\",\"inLanguage\":\"pt-PT\",\"@id\":\"https:\\\/\\\/secure.gravatar.com\\\/avatar\\\/72271e59c789bb20155b3fe4c0294add39cacf3d666c9832d7bc65f846a32447?s=96&d=mm&r=g\",\"url\":\"https:\\\/\\\/secure.gravatar.com\\\/avatar\\\/72271e59c789bb20155b3fe4c0294add39cacf3d666c9832d7bc65f846a32447?s=96&d=mm&r=g\",\"contentUrl\":\"https:\\\/\\\/secure.gravatar.com\\\/avatar\\\/72271e59c789bb20155b3fe4c0294add39cacf3d666c9832d7bc65f846a32447?s=96&d=mm&r=g\",\"caption\":\"Silvia\"},\"url\":\"https:\\\/\\\/libellula.eu\\\/pt\\\/author\\\/silvia\\\/\"}]}<\/script>\n<!-- \/ Yoast SEO Premium plugin. -->","yoast_head_json":{"title":"Libellula Srl apoia a nova creche de Roreto di Cherasco - Libellula","description":"Libellula Srl contribui para a nova creche p\u00fablica de Roreto, promovendo a educa\u00e7\u00e3o, a sustentabilidade e o bem-estar das fam\u00edlias","robots":{"index":"index","follow":"follow","max-snippet":"max-snippet:-1","max-image-preview":"max-image-preview:large","max-video-preview":"max-video-preview:-1"},"canonical":"https:\/\/libellula.eu\/pt\/projectos\/libellula-srl-apoia-a-nova-creche-de-roreto-di-cherasco\/","og_locale":"pt_PT","og_type":"article","og_title":"Libellula Srl sostiene il nuovo asilo nido di Roreto di Cherasco","og_description":"Libellula Srl contribuisce al nuovo asilo nido pubblico di Roreto, promuovendo educazione, sostenibilit\u00e0 e benessere delle famiglie","og_url":"https:\/\/libellula.eu\/pt\/projectos\/libellula-srl-apoia-a-nova-creche-de-roreto-di-cherasco\/","og_site_name":"Libellula","article_published_time":"2026-02-23T15:09:48+00:00","article_modified_time":"2026-02-23T16:37:46+00:00","og_image":[{"width":1600,"height":1200,"url":"https:\/\/libellula.eu\/wp-content\/uploads\/2026\/02\/WhatsApp-Image-2026-02-11-at-16.36.40.jpeg","type":"image\/jpeg"}],"author":"Silvia","twitter_card":"summary_large_image","twitter_misc":{"Escrito por":"Silvia","Tempo estimado de leitura":"3 minutos"},"schema":{"@context":"https:\/\/schema.org","@graph":[{"@type":"Article","@id":"https:\/\/libellula.eu\/progetti\/libellula-srl-sostiene-il-nuovo-asilo-nido-di-roreto-di-cherasco\/#article","isPartOf":{"@id":"https:\/\/libellula.eu\/progetti\/libellula-srl-sostiene-il-nuovo-asilo-nido-di-roreto-di-cherasco\/"},"author":{"name":"Silvia","@id":"https:\/\/libellula.eu\/#\/schema\/person\/a995fc56d90830242e8ccfa82e6e3c08"},"headline":"Libellula Srl sostiene il nuovo asilo nido di Roreto di Cherasco","datePublished":"2026-02-23T15:09:48+00:00","dateModified":"2026-02-23T16:37:46+00:00","mainEntityOfPage":{"@id":"https:\/\/libellula.eu\/progetti\/libellula-srl-sostiene-il-nuovo-asilo-nido-di-roreto-di-cherasco\/"},"wordCount":444,"commentCount":0,"image":{"@id":"https:\/\/libellula.eu\/progetti\/libellula-srl-sostiene-il-nuovo-asilo-nido-di-roreto-di-cherasco\/#primaryimage"},"thumbnailUrl":"https:\/\/libellula.eu\/wp-content\/uploads\/2026\/02\/WhatsApp-Image-2026-02-11-at-16.36.40.jpeg","articleSection":["Progetti"],"inLanguage":"pt-PT","potentialAction":[{"@type":"CommentAction","name":"Comment","target":["https:\/\/libellula.eu\/progetti\/libellula-srl-sostiene-il-nuovo-asilo-nido-di-roreto-di-cherasco\/#respond"]}]},{"@type":"WebPage","@id":"https:\/\/libellula.eu\/progetti\/libellula-srl-sostiene-il-nuovo-asilo-nido-di-roreto-di-cherasco\/","url":"https:\/\/libellula.eu\/progetti\/libellula-srl-sostiene-il-nuovo-asilo-nido-di-roreto-di-cherasco\/","name":"Libellula Srl apoia a nova creche de Roreto di Cherasco - Libellula","isPartOf":{"@id":"https:\/\/libellula.eu\/#website"},"primaryImageOfPage":{"@id":"https:\/\/libellula.eu\/progetti\/libellula-srl-sostiene-il-nuovo-asilo-nido-di-roreto-di-cherasco\/#primaryimage"},"image":{"@id":"https:\/\/libellula.eu\/progetti\/libellula-srl-sostiene-il-nuovo-asilo-nido-di-roreto-di-cherasco\/#primaryimage"},"thumbnailUrl":"https:\/\/libellula.eu\/wp-content\/uploads\/2026\/02\/WhatsApp-Image-2026-02-11-at-16.36.40.jpeg","datePublished":"2026-02-23T15:09:48+00:00","dateModified":"2026-02-23T16:37:46+00:00","author":{"@id":"https:\/\/libellula.eu\/#\/schema\/person\/a995fc56d90830242e8ccfa82e6e3c08"},"description":"Libellula Srl contribui para a nova creche p\u00fablica de Roreto, promovendo a educa\u00e7\u00e3o, a sustentabilidade e o bem-estar das fam\u00edlias","breadcrumb":{"@id":"https:\/\/libellula.eu\/progetti\/libellula-srl-sostiene-il-nuovo-asilo-nido-di-roreto-di-cherasco\/#breadcrumb"},"inLanguage":"pt-PT","potentialAction":[{"@type":"ReadAction","target":["https:\/\/libellula.eu\/progetti\/libellula-srl-sostiene-il-nuovo-asilo-nido-di-roreto-di-cherasco\/"]}]},{"@type":"ImageObject","inLanguage":"pt-PT","@id":"https:\/\/libellula.eu\/progetti\/libellula-srl-sostiene-il-nuovo-asilo-nido-di-roreto-di-cherasco\/#primaryimage","url":"https:\/\/libellula.eu\/wp-content\/uploads\/2026\/02\/WhatsApp-Image-2026-02-11-at-16.36.40.jpeg","contentUrl":"https:\/\/libellula.eu\/wp-content\/uploads\/2026\/02\/WhatsApp-Image-2026-02-11-at-16.36.40.jpeg","width":1600,"height":1200,"caption":"Libellula asilo nido Roreto"},{"@type":"BreadcrumbList","@id":"https:\/\/libellula.eu\/progetti\/libellula-srl-sostiene-il-nuovo-asilo-nido-di-roreto-di-cherasco\/#breadcrumb","itemListElement":[{"@type":"ListItem","position":1,"name":"Home","item":"https:\/\/libellula.eu\/"},{"@type":"ListItem","position":2,"name":"Libellula Srl sostiene il nuovo asilo nido di Roreto di Cherasco"}]},{"@type":"WebSite","@id":"https:\/\/libellula.eu\/#website","url":"https:\/\/libellula.eu\/","name":"Libellula","description":"","potentialAction":[{"@type":"SearchAction","target":{"@type":"EntryPoint","urlTemplate":"https:\/\/libellula.eu\/?s={search_term_string}"},"query-input":{"@type":"PropertyValueSpecification","valueRequired":true,"valueName":"search_term_string"}}],"inLanguage":"pt-PT"},{"@type":"Person","@id":"https:\/\/libellula.eu\/#\/schema\/person\/a995fc56d90830242e8ccfa82e6e3c08","name":"S\u00edlvia","image":{"@type":"ImageObject","inLanguage":"pt-PT","@id":"https:\/\/secure.gravatar.com\/avatar\/72271e59c789bb20155b3fe4c0294add39cacf3d666c9832d7bc65f846a32447?s=96&d=mm&r=g","url":"https:\/\/secure.gravatar.com\/avatar\/72271e59c789bb20155b3fe4c0294add39cacf3d666c9832d7bc65f846a32447?s=96&d=mm&r=g","contentUrl":"https:\/\/secure.gravatar.com\/avatar\/72271e59c789bb20155b3fe4c0294add39cacf3d666c9832d7bc65f846a32447?s=96&d=mm&r=g","caption":"Silvia"},"url":"https:\/\/libellula.eu\/pt\/author\/silvia\/"}]}},"_links":{"self":[{"href":"https:\/\/libellula.eu\/pt\/wp-json\/wp\/v2\/posts\/8814","targetHints":{"allow":["GET"]}}],"collection":[{"href":"https:\/\/libellula.eu\/pt\/wp-json\/wp\/v2\/posts"}],"about":[{"href":"https:\/\/libellula.eu\/pt\/wp-json\/wp\/v2\/types\/post"}],"author":[{"embeddable":true,"href":"https:\/\/libellula.eu\/pt\/wp-json\/wp\/v2\/users\/3"}],"replies":[{"embeddable":true,"href":"https:\/\/libellula.eu\/pt\/wp-json\/wp\/v2\/comments?post=8814"}],"version-history":[{"count":5,"href":"https:\/\/libellula.eu\/pt\/wp-json\/wp\/v2\/posts\/8814\/revisions"}],"predecessor-version":[{"id":8830,"href":"https:\/\/libellula.eu\/pt\/wp-json\/wp\/v2\/posts\/8814\/revisions\/8830"}],"wp:featuredmedia":[{"embeddable":true,"href":"https:\/\/libellula.eu\/pt\/wp-json\/wp\/v2\/media\/8815"}],"wp:attachment":[{"href":"https:\/\/libellula.eu\/pt\/wp-json\/wp\/v2\/media?parent=8814"}],"wp:term":[{"taxonomy":"category","embeddable":true,"href":"https:\/\/libellula.eu\/pt\/wp-json\/wp\/v2\/categories?post=8814"},{"taxonomy":"post_tag","embeddable":true,"href":"https:\/\/libellula.eu\/pt\/wp-json\/wp\/v2\/tags?post=8814"}],"curies":[{"name":"wp","href":"https:\/\/api.w.org\/{rel}","templated":true}]}}