{"id":8814,"date":"2026-02-23T15:09:48","date_gmt":"2026-02-23T15:09:48","guid":{"rendered":"https:\/\/libellula.eu\/?p=8814"},"modified":"2026-02-23T16:37:46","modified_gmt":"2026-02-23T16:37:46","slug":"libellula-srl-soutient-la-nouvelle-ecole-maternelle-de-roreto-di-cherasco","status":"publish","type":"post","link":"https:\/\/libellula.eu\/fr\/projets\/libellula-srl-soutient-la-nouvelle-ecole-maternelle-de-roreto-di-cherasco\/","title":{"rendered":"Libellula Srl soutient la nouvelle \u00e9cole maternelle de Roreto di Cherasco"},"content":{"rendered":"<p>Un investissement dans le territoire pour l'\u00e9ducation, le bien-\u00eatre et la durabilit\u00e9<\/p>\n\n\n\n<h2 class=\"wp-block-heading\" id=\"h-il-progetto-del-nuovo-asilo-nido\"><strong>Le projet de nouveau jardin d'enfants<\/strong><\/h2>\n\n\n\n<p>Libellula Srl fait partie des entreprises qui ont choisi de soutenir la r\u00e9alisation de l'appel \u00e0 propositions de la Commission europ\u00e9enne. <strong>nouvelle \u00e9cole maternelle publique \u00e0 Roreto di Cherasco<\/strong>situ\u00e9 dans la citadelle de la<a href=\"https:\/\/www.linkedin.com\/posts\/libellula-s-r-l-_asilo-cherasco-activity-7382343956434673664-NVP8?utm_source=share&amp;utm_medium=member_desktop&amp;rcm=ACoAAAgDoqQBh0O6LHm40X_nUesnSlRlP_6PJRU\">enfance de la via Gandolfino<\/a>.<\/p>\n\n\n\n<p>Gr\u00e2ce \u00e0 plus de 200 000 euros de contributions priv\u00e9es, six entreprises locales - dont Libellula - ont soutenu une initiative publique visant \u00e0 achever des travaux non couverts par les fonds du PNRR. Les principales interventions concernent :<\/p>\n\n\n\n<ul class=\"wp-block-list\">\n<li>Am\u00e9nagement des chemins de randonn\u00e9e<\/li>\n\n\n\n<li>Cr\u00e9ation d'espaces verts<\/li>\n\n\n\n<li>Am\u00e9liorer l'accessibilit\u00e9 des espaces urbains<\/li>\n<\/ul>\n\n\n\n<p>Ces travaux contribuent \u00e0 une <strong>un environnement \u00e9ducatif accueillant, durable et int\u00e9gr\u00e9<\/strong>.<\/p>\n\n\n\n<h2 class=\"wp-block-heading\" id=\"h-caratteristiche-del-nuovo-asilo-nido\"><strong>Caract\u00e9ristiques du nouveau jardin d'enfants<\/strong><\/h2>\n\n\n\n<p>Le nouveau jardin d'enfants, am\u00e9nag\u00e9 sur un seul \u00e9tage d'une superficie d'environ 450 m\u00e8tres carr\u00e9s, peut accueillir jusqu'\u00e0 <strong>30 enfants<\/strong>. Les espaces comprennent<\/p>\n\n\n\n<ul class=\"wp-block-list\">\n<li>Des salles de classe et des ateliers con\u00e7us pour stimuler la cr\u00e9ativit\u00e9<\/li>\n\n\n\n<li>Des espaces communs pour le jeu et le bien-\u00eatre des enfants<\/li>\n\n\n\n<li>Un design inspir\u00e9 des \u00e9tangs avec des mat\u00e9riaux naturels et des couleurs d\u00e9licates<\/li>\n<\/ul>\n\n\n\n<p>En outre, un <strong>Syst\u00e8me photovolta\u00efque de 26 kW<\/strong>Cela confirme l'importance accord\u00e9e \u00e0 la durabilit\u00e9 environnementale et \u00e0 l'efficacit\u00e9 \u00e9nerg\u00e9tique.<\/p>\n\n\n\n<figure class=\"wp-block-image size-large\"><img fetchpriority=\"high\" decoding=\"async\" width=\"1024\" height=\"561\" src=\"https:\/\/libellula.eu\/wp-content\/uploads\/2026\/02\/image-2-1024x561.png\" alt=\"\" class=\"wp-image-8819\" srcset=\"https:\/\/libellula.eu\/wp-content\/uploads\/2026\/02\/image-2-1024x561.png 1024w, https:\/\/libellula.eu\/wp-content\/uploads\/2026\/02\/image-2-300x165.png 300w, https:\/\/libellula.eu\/wp-content\/uploads\/2026\/02\/image-2-768x421.png 768w, https:\/\/libellula.eu\/wp-content\/uploads\/2026\/02\/image-2-18x10.png 18w, https:\/\/libellula.eu\/wp-content\/uploads\/2026\/02\/image-2.png 1200w\" sizes=\"(max-width: 1024px) 100vw, 1024px\" \/><\/figure>\n\n\n\n<h2 class=\"wp-block-heading\" id=\"h-il-ruolo-di-libellula-srl-nel-territorio\"><strong>Le r\u00f4le de Libellula Srl sur le territoire<\/strong><\/h2>\n\n\n\n<p>Pour Libellula, la contribution au nouveau jardin d'enfants est un geste concret en faveur de la protection de l'environnement. <strong>restitution au territoire<\/strong> et des actions coh\u00e9rentes avec sa vision d'entreprise centr\u00e9e sur les personnes et le bien-\u00eatre collectif.<\/p>\n\n\n\n<blockquote class=\"wp-block-quote is-layout-flow wp-block-quote-is-layout-flow\">\n<p>\"Nous sommes convaincus que l'avenir de l'innovation r\u00e9side \u00e9galement dans la capacit\u00e9 \u00e0 imaginer et \u00e0 construire des lieux o\u00f9 l'\u00e9ducation, la beaut\u00e9 et la durabilit\u00e9 sont intimement li\u00e9es. <strong>Eleonora Alessandria, responsable des ressources humaines chez Libellula<\/strong>.<\/p>\n<\/blockquote>\n\n\n\n<p>Les enfants des collaborateurs de Libellula auront \u00e9galement <strong>l'acc\u00e8s prioritaire au service<\/strong>renforcer le lien entre l'entreprise, les personnes et la communaut\u00e9.<\/p>\n\n\n\n<h2 class=\"wp-block-heading\" id=\"h-impegno-di-libellula-verso-welfare-e-responsabilita-sociale\"><strong>L'engagement de Libellula en mati\u00e8re de bien-\u00eatre et de responsabilit\u00e9 sociale<\/strong><\/h2>\n\n\n\n<p>Au cours des derni\u00e8res ann\u00e9es, Libellula a d\u00e9velopp\u00e9 des politiques structur\u00e9es :<\/p>\n\n\n\n<ul class=\"wp-block-list\">\n<li>Le bien-\u00eatre des entreprises avec la <strong><a href=\"https:\/\/libellula.eu\/fr\/projets\/libellula-presente-lesprit-de-la-pause\/\">La pause de l'esprit<\/a><\/strong><\/li>\n\n\n\n<li>Flexibilit\u00e9 et soutien aux parents<\/li>\n\n\n\n<li>L'inclusion et l'\u00e9galit\u00e9 entre les hommes et les femmes gr\u00e2ce au suivi des indicateurs cl\u00e9s de performance, \u00e0 la formation continue et \u00e0 une gouvernance sp\u00e9cifique<\/li>\n<\/ul>\n\n\n\n<blockquote class=\"wp-block-quote is-layout-flow wp-block-quote-is-layout-flow\">\n<p>Construire un avenir durable pour le travail signifie investir dans les personnes et les contextes dans lesquels elles vivent. <strong>Umberto Cammardella, directeur g\u00e9n\u00e9ral de Libellula<\/strong>.<\/p>\n<\/blockquote>\n\n\n\n<p>Le soutien \u00e0 la cr\u00e8che refl\u00e8te la vision de Libellula, qui est de <strong>entreprise qui g\u00e9n\u00e8re une valeur sociale ainsi qu'une valeur \u00e9conomique<\/strong>.<\/p>\n\n\n\n<figure class=\"wp-block-image size-large\"><img decoding=\"async\" width=\"1024\" height=\"669\" data-src=\"https:\/\/libellula.eu\/wp-content\/uploads\/2026\/02\/WhatsApp-Image-2026-02-23-at-15.39.10-1024x669.jpeg\" alt=\"\" class=\"wp-image-8822 lazyload\" data-srcset=\"https:\/\/libellula.eu\/wp-content\/uploads\/2026\/02\/WhatsApp-Image-2026-02-23-at-15.39.10-1024x669.jpeg 1024w, https:\/\/libellula.eu\/wp-content\/uploads\/2026\/02\/WhatsApp-Image-2026-02-23-at-15.39.10-300x196.jpeg 300w, https:\/\/libellula.eu\/wp-content\/uploads\/2026\/02\/WhatsApp-Image-2026-02-23-at-15.39.10-768x502.jpeg 768w, https:\/\/libellula.eu\/wp-content\/uploads\/2026\/02\/WhatsApp-Image-2026-02-23-at-15.39.10-18x12.jpeg 18w, https:\/\/libellula.eu\/wp-content\/uploads\/2026\/02\/WhatsApp-Image-2026-02-23-at-15.39.10.jpeg 1200w\" data-sizes=\"(max-width: 1024px) 100vw, 1024px\" src=\"data:image\/svg+xml;base64,PHN2ZyB3aWR0aD0iMSIgaGVpZ2h0PSIxIiB4bWxucz0iaHR0cDovL3d3dy53My5vcmcvMjAwMC9zdmciPjwvc3ZnPg==\" style=\"--smush-placeholder-width: 1024px; --smush-placeholder-aspect-ratio: 1024\/669;\" \/><\/figure>\n\n\n\n<h2 class=\"wp-block-heading\" id=\"h-per-un-futuro-inclusivo-e-sostenibile\"><strong>Pour un avenir inclusif et durable<\/strong><\/h2>\n\n\n\n<p>Avec ce projet, Libellula confirme sa volont\u00e9 d'\u00eatre non seulement une r\u00e9f\u00e9rence dans le domaine de la sant\u00e9 publique, mais aussi une r\u00e9f\u00e9rence dans le domaine de la sant\u00e9 publique. <strong>secteur des logiciels industriels<\/strong>mais aussi un mod\u00e8le d'entreprise capable de se combiner :<\/p>\n\n\n\n<ul class=\"wp-block-list\">\n<li>Innovation technologique<\/li>\n\n\n\n<li>Attention aux personnes<\/li>\n\n\n\n<li>Engagement envers le territoire<\/li>\n<\/ul>\n\n\n\n<p>La nouvelle \u00e9cole maternelle publique de Roreto di Cherasco devient ainsi un symbole concret de l'engagement de l'Union europ\u00e9enne en faveur de la protection de l'environnement. <strong>l'\u00e9ducation, la durabilit\u00e9 et le bien-\u00eatre de la famille<\/strong>contribuer \u00e0 un avenir plus inclusif pour les nouvelles g\u00e9n\u00e9rations.<\/p>\n\n\n\n<figure class=\"wp-block-image size-full\"><img decoding=\"async\" width=\"751\" height=\"740\" data-src=\"https:\/\/libellula.eu\/wp-content\/uploads\/2026\/02\/Gemini_Generated_Image_6h92lx6h92lx6h92-1.png\" alt=\"\" class=\"wp-image-8827 lazyload\" data-srcset=\"https:\/\/libellula.eu\/wp-content\/uploads\/2026\/02\/Gemini_Generated_Image_6h92lx6h92lx6h92-1.png 751w, https:\/\/libellula.eu\/wp-content\/uploads\/2026\/02\/Gemini_Generated_Image_6h92lx6h92lx6h92-1-300x296.png 300w, https:\/\/libellula.eu\/wp-content\/uploads\/2026\/02\/Gemini_Generated_Image_6h92lx6h92lx6h92-1-12x12.png 12w\" data-sizes=\"(max-width: 751px) 100vw, 751px\" src=\"data:image\/svg+xml;base64,PHN2ZyB3aWR0aD0iMSIgaGVpZ2h0PSIxIiB4bWxucz0iaHR0cDovL3d3dy53My5vcmcvMjAwMC9zdmciPjwvc3ZnPg==\" style=\"--smush-placeholder-width: 751px; --smush-placeholder-aspect-ratio: 751\/740;\" \/><\/figure>","protected":false},"excerpt":{"rendered":"<p>Un investimento nel territorio per l\u2019educazione, il benessere e la sostenibilit\u00e0 Il progetto del nuovo asilo nido Libellula Srl \u00e8 tra le aziende che hanno scelto di sostenere la realizzazione del nuovo asilo nido pubblico di Roreto di Cherasco, situato nella cittadella dell\u2019infanzia di via Gandolfino. Grazie a oltre 200.000 euro di contributi privati, sei [&hellip;]<\/p>\n","protected":false},"author":3,"featured_media":8815,"comment_status":"open","ping_status":"open","sticky":false,"template":"","format":"standard","meta":{"footnotes":""},"categories":[32],"tags":[],"class_list":["post-8814","post","type-post","status-publish","format-standard","has-post-thumbnail","hentry","category-progetti"],"yoast_head":"<!-- This site is optimized with the Yoast SEO Premium plugin v26.1 (Yoast SEO v27.4) - https:\/\/yoast.com\/product\/yoast-seo-premium-wordpress\/ -->\n<title>Libellula Srl sostiene il nuovo asilo nido di Roreto di Cherasco - Libellula<\/title>\n<meta name=\"description\" content=\"Libellula Srl contribuisce al nuovo asilo nido pubblico di Roreto, promuovendo educazione, sostenibilit\u00e0 e benessere delle famiglie\" \/>\n<meta name=\"robots\" content=\"index, follow, max-snippet:-1, max-image-preview:large, max-video-preview:-1\" \/>\n<link rel=\"canonical\" href=\"https:\/\/libellula.eu\/fr\/projets\/libellula-srl-soutient-la-nouvelle-ecole-maternelle-de-roreto-di-cherasco\/\" \/>\n<meta property=\"og:locale\" content=\"fr_FR\" \/>\n<meta property=\"og:type\" content=\"article\" \/>\n<meta property=\"og:title\" content=\"Libellula Srl sostiene il nuovo asilo nido di Roreto di Cherasco\" \/>\n<meta property=\"og:description\" content=\"Libellula Srl contribuisce al nuovo asilo nido pubblico di Roreto, promuovendo educazione, sostenibilit\u00e0 e benessere delle famiglie\" \/>\n<meta property=\"og:url\" content=\"https:\/\/libellula.eu\/fr\/projets\/libellula-srl-soutient-la-nouvelle-ecole-maternelle-de-roreto-di-cherasco\/\" \/>\n<meta property=\"og:site_name\" content=\"Libellula\" \/>\n<meta property=\"article:published_time\" content=\"2026-02-23T15:09:48+00:00\" \/>\n<meta property=\"article:modified_time\" content=\"2026-02-23T16:37:46+00:00\" \/>\n<meta property=\"og:image\" content=\"https:\/\/libellula.eu\/wp-content\/uploads\/2026\/02\/WhatsApp-Image-2026-02-11-at-16.36.40.jpeg\" \/>\n\t<meta property=\"og:image:width\" content=\"1600\" \/>\n\t<meta property=\"og:image:height\" content=\"1200\" \/>\n\t<meta property=\"og:image:type\" content=\"image\/jpeg\" \/>\n<meta name=\"author\" content=\"Silvia\" \/>\n<meta name=\"twitter:card\" content=\"summary_large_image\" \/>\n<meta name=\"twitter:label1\" content=\"\u00c9crit par\" \/>\n\t<meta name=\"twitter:data1\" content=\"Silvia\" \/>\n\t<meta name=\"twitter:label2\" content=\"Dur\u00e9e de lecture estim\u00e9e\" \/>\n\t<meta name=\"twitter:data2\" content=\"3 minutes\" \/>\n<script type=\"application\/ld+json\" class=\"yoast-schema-graph\">{\"@context\":\"https:\\\/\\\/schema.org\",\"@graph\":[{\"@type\":\"Article\",\"@id\":\"https:\\\/\\\/libellula.eu\\\/progetti\\\/libellula-srl-sostiene-il-nuovo-asilo-nido-di-roreto-di-cherasco\\\/#article\",\"isPartOf\":{\"@id\":\"https:\\\/\\\/libellula.eu\\\/progetti\\\/libellula-srl-sostiene-il-nuovo-asilo-nido-di-roreto-di-cherasco\\\/\"},\"author\":{\"name\":\"Silvia\",\"@id\":\"https:\\\/\\\/libellula.eu\\\/#\\\/schema\\\/person\\\/a995fc56d90830242e8ccfa82e6e3c08\"},\"headline\":\"Libellula Srl sostiene il nuovo asilo nido di Roreto di Cherasco\",\"datePublished\":\"2026-02-23T15:09:48+00:00\",\"dateModified\":\"2026-02-23T16:37:46+00:00\",\"mainEntityOfPage\":{\"@id\":\"https:\\\/\\\/libellula.eu\\\/progetti\\\/libellula-srl-sostiene-il-nuovo-asilo-nido-di-roreto-di-cherasco\\\/\"},\"wordCount\":444,\"commentCount\":0,\"image\":{\"@id\":\"https:\\\/\\\/libellula.eu\\\/progetti\\\/libellula-srl-sostiene-il-nuovo-asilo-nido-di-roreto-di-cherasco\\\/#primaryimage\"},\"thumbnailUrl\":\"https:\\\/\\\/libellula.eu\\\/wp-content\\\/uploads\\\/2026\\\/02\\\/WhatsApp-Image-2026-02-11-at-16.36.40.jpeg\",\"articleSection\":[\"Progetti\"],\"inLanguage\":\"fr-FR\",\"potentialAction\":[{\"@type\":\"CommentAction\",\"name\":\"Comment\",\"target\":[\"https:\\\/\\\/libellula.eu\\\/progetti\\\/libellula-srl-sostiene-il-nuovo-asilo-nido-di-roreto-di-cherasco\\\/#respond\"]}]},{\"@type\":\"WebPage\",\"@id\":\"https:\\\/\\\/libellula.eu\\\/progetti\\\/libellula-srl-sostiene-il-nuovo-asilo-nido-di-roreto-di-cherasco\\\/\",\"url\":\"https:\\\/\\\/libellula.eu\\\/progetti\\\/libellula-srl-sostiene-il-nuovo-asilo-nido-di-roreto-di-cherasco\\\/\",\"name\":\"Libellula Srl sostiene il nuovo asilo nido di Roreto di Cherasco - Libellula\",\"isPartOf\":{\"@id\":\"https:\\\/\\\/libellula.eu\\\/#website\"},\"primaryImageOfPage\":{\"@id\":\"https:\\\/\\\/libellula.eu\\\/progetti\\\/libellula-srl-sostiene-il-nuovo-asilo-nido-di-roreto-di-cherasco\\\/#primaryimage\"},\"image\":{\"@id\":\"https:\\\/\\\/libellula.eu\\\/progetti\\\/libellula-srl-sostiene-il-nuovo-asilo-nido-di-roreto-di-cherasco\\\/#primaryimage\"},\"thumbnailUrl\":\"https:\\\/\\\/libellula.eu\\\/wp-content\\\/uploads\\\/2026\\\/02\\\/WhatsApp-Image-2026-02-11-at-16.36.40.jpeg\",\"datePublished\":\"2026-02-23T15:09:48+00:00\",\"dateModified\":\"2026-02-23T16:37:46+00:00\",\"author\":{\"@id\":\"https:\\\/\\\/libellula.eu\\\/#\\\/schema\\\/person\\\/a995fc56d90830242e8ccfa82e6e3c08\"},\"description\":\"Libellula Srl contribuisce al nuovo asilo nido pubblico di Roreto, promuovendo educazione, sostenibilit\u00e0 e benessere delle famiglie\",\"breadcrumb\":{\"@id\":\"https:\\\/\\\/libellula.eu\\\/progetti\\\/libellula-srl-sostiene-il-nuovo-asilo-nido-di-roreto-di-cherasco\\\/#breadcrumb\"},\"inLanguage\":\"fr-FR\",\"potentialAction\":[{\"@type\":\"ReadAction\",\"target\":[\"https:\\\/\\\/libellula.eu\\\/progetti\\\/libellula-srl-sostiene-il-nuovo-asilo-nido-di-roreto-di-cherasco\\\/\"]}]},{\"@type\":\"ImageObject\",\"inLanguage\":\"fr-FR\",\"@id\":\"https:\\\/\\\/libellula.eu\\\/progetti\\\/libellula-srl-sostiene-il-nuovo-asilo-nido-di-roreto-di-cherasco\\\/#primaryimage\",\"url\":\"https:\\\/\\\/libellula.eu\\\/wp-content\\\/uploads\\\/2026\\\/02\\\/WhatsApp-Image-2026-02-11-at-16.36.40.jpeg\",\"contentUrl\":\"https:\\\/\\\/libellula.eu\\\/wp-content\\\/uploads\\\/2026\\\/02\\\/WhatsApp-Image-2026-02-11-at-16.36.40.jpeg\",\"width\":1600,\"height\":1200,\"caption\":\"Libellula asilo nido Roreto\"},{\"@type\":\"BreadcrumbList\",\"@id\":\"https:\\\/\\\/libellula.eu\\\/progetti\\\/libellula-srl-sostiene-il-nuovo-asilo-nido-di-roreto-di-cherasco\\\/#breadcrumb\",\"itemListElement\":[{\"@type\":\"ListItem\",\"position\":1,\"name\":\"Home\",\"item\":\"https:\\\/\\\/libellula.eu\\\/\"},{\"@type\":\"ListItem\",\"position\":2,\"name\":\"Libellula Srl sostiene il nuovo asilo nido di Roreto di Cherasco\"}]},{\"@type\":\"WebSite\",\"@id\":\"https:\\\/\\\/libellula.eu\\\/#website\",\"url\":\"https:\\\/\\\/libellula.eu\\\/\",\"name\":\"Libellula\",\"description\":\"\",\"potentialAction\":[{\"@type\":\"SearchAction\",\"target\":{\"@type\":\"EntryPoint\",\"urlTemplate\":\"https:\\\/\\\/libellula.eu\\\/?s={search_term_string}\"},\"query-input\":{\"@type\":\"PropertyValueSpecification\",\"valueRequired\":true,\"valueName\":\"search_term_string\"}}],\"inLanguage\":\"fr-FR\"},{\"@type\":\"Person\",\"@id\":\"https:\\\/\\\/libellula.eu\\\/#\\\/schema\\\/person\\\/a995fc56d90830242e8ccfa82e6e3c08\",\"name\":\"Silvia\",\"image\":{\"@type\":\"ImageObject\",\"inLanguage\":\"fr-FR\",\"@id\":\"https:\\\/\\\/secure.gravatar.com\\\/avatar\\\/72271e59c789bb20155b3fe4c0294add39cacf3d666c9832d7bc65f846a32447?s=96&d=mm&r=g\",\"url\":\"https:\\\/\\\/secure.gravatar.com\\\/avatar\\\/72271e59c789bb20155b3fe4c0294add39cacf3d666c9832d7bc65f846a32447?s=96&d=mm&r=g\",\"contentUrl\":\"https:\\\/\\\/secure.gravatar.com\\\/avatar\\\/72271e59c789bb20155b3fe4c0294add39cacf3d666c9832d7bc65f846a32447?s=96&d=mm&r=g\",\"caption\":\"Silvia\"},\"url\":\"https:\\\/\\\/libellula.eu\\\/fr\\\/author\\\/silvia\\\/\"}]}<\/script>\n<!-- \/ Yoast SEO Premium plugin. -->","yoast_head_json":{"title":"Libellula Srl soutient la nouvelle \u00e9cole maternelle de Roreto di Cherasco - Libellula","description":"Libellula Srl contribue \u00e0 la nouvelle \u00e9cole maternelle publique de Roreto, en promouvant l'\u00e9ducation, la durabilit\u00e9 et le bien-\u00eatre des familles.","robots":{"index":"index","follow":"follow","max-snippet":"max-snippet:-1","max-image-preview":"max-image-preview:large","max-video-preview":"max-video-preview:-1"},"canonical":"https:\/\/libellula.eu\/fr\/projets\/libellula-srl-soutient-la-nouvelle-ecole-maternelle-de-roreto-di-cherasco\/","og_locale":"fr_FR","og_type":"article","og_title":"Libellula Srl sostiene il nuovo asilo nido di Roreto di Cherasco","og_description":"Libellula Srl contribuisce al nuovo asilo nido pubblico di Roreto, promuovendo educazione, sostenibilit\u00e0 e benessere delle famiglie","og_url":"https:\/\/libellula.eu\/fr\/projets\/libellula-srl-soutient-la-nouvelle-ecole-maternelle-de-roreto-di-cherasco\/","og_site_name":"Libellula","article_published_time":"2026-02-23T15:09:48+00:00","article_modified_time":"2026-02-23T16:37:46+00:00","og_image":[{"width":1600,"height":1200,"url":"https:\/\/libellula.eu\/wp-content\/uploads\/2026\/02\/WhatsApp-Image-2026-02-11-at-16.36.40.jpeg","type":"image\/jpeg"}],"author":"Silvia","twitter_card":"summary_large_image","twitter_misc":{"\u00c9crit par":"Silvia","Dur\u00e9e de lecture estim\u00e9e":"3 minutes"},"schema":{"@context":"https:\/\/schema.org","@graph":[{"@type":"Article","@id":"https:\/\/libellula.eu\/progetti\/libellula-srl-sostiene-il-nuovo-asilo-nido-di-roreto-di-cherasco\/#article","isPartOf":{"@id":"https:\/\/libellula.eu\/progetti\/libellula-srl-sostiene-il-nuovo-asilo-nido-di-roreto-di-cherasco\/"},"author":{"name":"Silvia","@id":"https:\/\/libellula.eu\/#\/schema\/person\/a995fc56d90830242e8ccfa82e6e3c08"},"headline":"Libellula Srl sostiene il nuovo asilo nido di Roreto di Cherasco","datePublished":"2026-02-23T15:09:48+00:00","dateModified":"2026-02-23T16:37:46+00:00","mainEntityOfPage":{"@id":"https:\/\/libellula.eu\/progetti\/libellula-srl-sostiene-il-nuovo-asilo-nido-di-roreto-di-cherasco\/"},"wordCount":444,"commentCount":0,"image":{"@id":"https:\/\/libellula.eu\/progetti\/libellula-srl-sostiene-il-nuovo-asilo-nido-di-roreto-di-cherasco\/#primaryimage"},"thumbnailUrl":"https:\/\/libellula.eu\/wp-content\/uploads\/2026\/02\/WhatsApp-Image-2026-02-11-at-16.36.40.jpeg","articleSection":["Progetti"],"inLanguage":"fr-FR","potentialAction":[{"@type":"CommentAction","name":"Comment","target":["https:\/\/libellula.eu\/progetti\/libellula-srl-sostiene-il-nuovo-asilo-nido-di-roreto-di-cherasco\/#respond"]}]},{"@type":"WebPage","@id":"https:\/\/libellula.eu\/progetti\/libellula-srl-sostiene-il-nuovo-asilo-nido-di-roreto-di-cherasco\/","url":"https:\/\/libellula.eu\/progetti\/libellula-srl-sostiene-il-nuovo-asilo-nido-di-roreto-di-cherasco\/","name":"Libellula Srl soutient la nouvelle \u00e9cole maternelle de Roreto di Cherasco - Libellula","isPartOf":{"@id":"https:\/\/libellula.eu\/#website"},"primaryImageOfPage":{"@id":"https:\/\/libellula.eu\/progetti\/libellula-srl-sostiene-il-nuovo-asilo-nido-di-roreto-di-cherasco\/#primaryimage"},"image":{"@id":"https:\/\/libellula.eu\/progetti\/libellula-srl-sostiene-il-nuovo-asilo-nido-di-roreto-di-cherasco\/#primaryimage"},"thumbnailUrl":"https:\/\/libellula.eu\/wp-content\/uploads\/2026\/02\/WhatsApp-Image-2026-02-11-at-16.36.40.jpeg","datePublished":"2026-02-23T15:09:48+00:00","dateModified":"2026-02-23T16:37:46+00:00","author":{"@id":"https:\/\/libellula.eu\/#\/schema\/person\/a995fc56d90830242e8ccfa82e6e3c08"},"description":"Libellula Srl contribue \u00e0 la nouvelle \u00e9cole maternelle publique de Roreto, en promouvant l'\u00e9ducation, la durabilit\u00e9 et le bien-\u00eatre des familles.","breadcrumb":{"@id":"https:\/\/libellula.eu\/progetti\/libellula-srl-sostiene-il-nuovo-asilo-nido-di-roreto-di-cherasco\/#breadcrumb"},"inLanguage":"fr-FR","potentialAction":[{"@type":"ReadAction","target":["https:\/\/libellula.eu\/progetti\/libellula-srl-sostiene-il-nuovo-asilo-nido-di-roreto-di-cherasco\/"]}]},{"@type":"ImageObject","inLanguage":"fr-FR","@id":"https:\/\/libellula.eu\/progetti\/libellula-srl-sostiene-il-nuovo-asilo-nido-di-roreto-di-cherasco\/#primaryimage","url":"https:\/\/libellula.eu\/wp-content\/uploads\/2026\/02\/WhatsApp-Image-2026-02-11-at-16.36.40.jpeg","contentUrl":"https:\/\/libellula.eu\/wp-content\/uploads\/2026\/02\/WhatsApp-Image-2026-02-11-at-16.36.40.jpeg","width":1600,"height":1200,"caption":"Libellula asilo nido Roreto"},{"@type":"BreadcrumbList","@id":"https:\/\/libellula.eu\/progetti\/libellula-srl-sostiene-il-nuovo-asilo-nido-di-roreto-di-cherasco\/#breadcrumb","itemListElement":[{"@type":"ListItem","position":1,"name":"Home","item":"https:\/\/libellula.eu\/"},{"@type":"ListItem","position":2,"name":"Libellula Srl sostiene il nuovo asilo nido di Roreto di Cherasco"}]},{"@type":"WebSite","@id":"https:\/\/libellula.eu\/#website","url":"https:\/\/libellula.eu\/","name":"Libellula","description":"","potentialAction":[{"@type":"SearchAction","target":{"@type":"EntryPoint","urlTemplate":"https:\/\/libellula.eu\/?s={search_term_string}"},"query-input":{"@type":"PropertyValueSpecification","valueRequired":true,"valueName":"search_term_string"}}],"inLanguage":"fr-FR"},{"@type":"Person","@id":"https:\/\/libellula.eu\/#\/schema\/person\/a995fc56d90830242e8ccfa82e6e3c08","name":"Silvia","image":{"@type":"ImageObject","inLanguage":"fr-FR","@id":"https:\/\/secure.gravatar.com\/avatar\/72271e59c789bb20155b3fe4c0294add39cacf3d666c9832d7bc65f846a32447?s=96&d=mm&r=g","url":"https:\/\/secure.gravatar.com\/avatar\/72271e59c789bb20155b3fe4c0294add39cacf3d666c9832d7bc65f846a32447?s=96&d=mm&r=g","contentUrl":"https:\/\/secure.gravatar.com\/avatar\/72271e59c789bb20155b3fe4c0294add39cacf3d666c9832d7bc65f846a32447?s=96&d=mm&r=g","caption":"Silvia"},"url":"https:\/\/libellula.eu\/fr\/author\/silvia\/"}]}},"_links":{"self":[{"href":"https:\/\/libellula.eu\/fr\/wp-json\/wp\/v2\/posts\/8814","targetHints":{"allow":["GET"]}}],"collection":[{"href":"https:\/\/libellula.eu\/fr\/wp-json\/wp\/v2\/posts"}],"about":[{"href":"https:\/\/libellula.eu\/fr\/wp-json\/wp\/v2\/types\/post"}],"author":[{"embeddable":true,"href":"https:\/\/libellula.eu\/fr\/wp-json\/wp\/v2\/users\/3"}],"replies":[{"embeddable":true,"href":"https:\/\/libellula.eu\/fr\/wp-json\/wp\/v2\/comments?post=8814"}],"version-history":[{"count":5,"href":"https:\/\/libellula.eu\/fr\/wp-json\/wp\/v2\/posts\/8814\/revisions"}],"predecessor-version":[{"id":8830,"href":"https:\/\/libellula.eu\/fr\/wp-json\/wp\/v2\/posts\/8814\/revisions\/8830"}],"wp:featuredmedia":[{"embeddable":true,"href":"https:\/\/libellula.eu\/fr\/wp-json\/wp\/v2\/media\/8815"}],"wp:attachment":[{"href":"https:\/\/libellula.eu\/fr\/wp-json\/wp\/v2\/media?parent=8814"}],"wp:term":[{"taxonomy":"category","embeddable":true,"href":"https:\/\/libellula.eu\/fr\/wp-json\/wp\/v2\/categories?post=8814"},{"taxonomy":"post_tag","embeddable":true,"href":"https:\/\/libellula.eu\/fr\/wp-json\/wp\/v2\/tags?post=8814"}],"curies":[{"name":"wp","href":"https:\/\/api.w.org\/{rel}","templated":true}]}}