{"id":6979,"date":"2025-08-02T14:24:31","date_gmt":"2025-08-02T14:24:31","guid":{"rendered":"https:\/\/libellula.eu\/?p=6979"},"modified":"2025-10-02T14:41:21","modified_gmt":"2025-10-02T14:41:21","slug":"libellula-participera-a-fabtech-2025-3-2","status":"publish","type":"post","link":"https:\/\/libellula.eu\/fr\/foires-commerciales\/libellula-participera-a-fabtech-2025-3-2\/","title":{"rendered":"Libellula participera \u00e0 Fabtech 2025"},"content":{"rendered":"<div data-elementor-type=\"wp-post\" data-elementor-id=\"6979\" class=\"elementor elementor-6979\" data-elementor-post-type=\"post\">\n\t\t\t\t<div class=\"elementor-element elementor-element-389526e6 e-flex e-con-boxed e-con e-parent\" data-id=\"389526e6\" data-element_type=\"container\" data-e-type=\"container\">\n\t\t\t\t\t<div class=\"e-con-inner\">\n\t\t\t\t<div class=\"elementor-element elementor-element-283d97c1 elementor-widget elementor-widget-text-editor\" data-id=\"283d97c1\" data-element_type=\"widget\" data-e-type=\"widget\" data-widget_type=\"text-editor.default\">\n\t\t\t\t<div class=\"elementor-widget-container\">\n\t\t\t\t\t\t\t\t\t<p data-start=\"144\" data-end=\"332\">Libellula participera \u00e0<strong data-start=\"144\" data-end=\"330\"> FABTECH 2025, <\/strong>le salon de r\u00e9f\u00e9rence en <strong data-start=\"144\" data-end=\"330\">Am\u00e9rique du Nord <\/strong>pour le travail des m\u00e9taux, programm\u00e9<strong data-start=\"144\" data-end=\"330\"> 8 au 11 septembre 2025 <\/strong>au McCormick Place \u00e0 <strong data-start=\"144\" data-end=\"330\">Chicago.<\/strong><\/p><p data-start=\"334\" data-end=\"588\">Avec plus de 35 ans d'exp\u00e9rience et plus de 14 000 clients dans le monde, Libellula est une r\u00e9f\u00e9rence en mati\u00e8re de logiciels de d\u00e9coupe de t\u00f4le, aujourd'hui acteur de la transition 5.0 gr\u00e2ce \u00e0 des solutions qui allient efficacit\u00e9 de production et bien-\u00eatre des hommes.<\/p><p data-start=\"590\" data-end=\"915\">Cette ann\u00e9e, <strong data-start=\"602\" data-end=\"617\">NestSoft US<\/strong>notre nouveau partenaire strat\u00e9gique aux \u00c9tats-Unis, sera le visage de Libellula lors de l'\u00e9v\u00e9nement. A l'occasion de cet \u00e9v\u00e9nement, Libellula <strong data-start=\"716\" data-end=\"739\">Hall A, stand A5785<\/strong>nous pr\u00e9senterons nos solutions logicielles les plus avanc\u00e9es, con\u00e7ues pour num\u00e9riser et optimiser la production - de la d\u00e9coupe au pliage en passant par la gestion de l'usine.<\/p><p data-start=\"917\" data-end=\"1083\">Pr\u00e9sent dans le monde entier, Libellula continue d'innover pour am\u00e9liorer la qualit\u00e9 du travail dans des secteurs strat\u00e9giques tels que l'a\u00e9rospatiale, l'automobile, la construction navale et le m\u00e9dical.<\/p><p data-start=\"1085\" data-end=\"1120\">Nous nous r\u00e9jouissons de vous voir \u00e0 <strong data-start=\"1101\" data-end=\"1117\">FABTECH 2025<\/strong>!<\/p>\t\t\t\t\t\t\t\t<\/div>\n\t\t\t\t<\/div>\n\t\t\t\t\t<\/div>\n\t\t\t\t<\/div>\n\t\t\t\t<\/div>","protected":false},"excerpt":{"rendered":"<p>Libellula parteciper\u00e0 a FABTECH 2025, la fiera di riferimento in Nord America per la lavorazione dei metalli, in programma dall\u20198 all\u201911 settembre 2025 al McCormick Place di Chicago. Con oltre 35 anni di esperienza e pi\u00f9 di 14.000 clienti nel mondo, Libellula \u00e8 un punto di riferimento nel software per il taglio lamiera, oggi protagonista [&hellip;]<\/p>\n","protected":false},"author":1,"featured_media":7018,"comment_status":"open","ping_status":"open","sticky":false,"template":"","format":"standard","meta":{"footnotes":""},"categories":[31],"tags":[],"class_list":["post-6979","post","type-post","status-publish","format-standard","has-post-thumbnail","hentry","category-fiere"],"yoast_head":"<!-- This site is optimized with the Yoast SEO Premium plugin v26.1 (Yoast SEO v27.4) - https:\/\/yoast.com\/product\/yoast-seo-premium-wordpress\/ -->\n<title>Libellula parteciper\u00e0 a Fabtech 2025 - Libellula<\/title>\n<meta name=\"robots\" content=\"index, follow, max-snippet:-1, max-image-preview:large, max-video-preview:-1\" \/>\n<link rel=\"canonical\" href=\"https:\/\/libellula.eu\/fr\/foires-commerciales\/libellula-participera-a-fabtech-2025-3-2\/\" \/>\n<meta property=\"og:locale\" content=\"fr_FR\" \/>\n<meta property=\"og:type\" content=\"article\" \/>\n<meta property=\"og:title\" content=\"Libellula parteciper\u00e0 a Fabtech 2025\" \/>\n<meta property=\"og:description\" content=\"Libellula parteciper\u00e0 a FABTECH 2025, la fiera di riferimento in Nord America per la lavorazione dei metalli, in programma dall\u20198 all\u201911 settembre 2025 al McCormick Place di Chicago. Con oltre 35 anni di esperienza e pi\u00f9 di 14.000 clienti nel mondo, Libellula \u00e8 un punto di riferimento nel software per il taglio lamiera, oggi protagonista [&hellip;]\" \/>\n<meta property=\"og:url\" content=\"https:\/\/libellula.eu\/fr\/foires-commerciales\/libellula-participera-a-fabtech-2025-3-2\/\" \/>\n<meta property=\"og:site_name\" content=\"Libellula\" \/>\n<meta property=\"article:published_time\" content=\"2025-08-02T14:24:31+00:00\" \/>\n<meta property=\"article:modified_time\" content=\"2025-10-02T14:41:21+00:00\" \/>\n<meta property=\"og:image\" content=\"https:\/\/libellula.eu\/wp-content\/uploads\/2025\/08\/Sito-WEB-FIERE-Libellula-IMG-5.jpg\" \/>\n\t<meta property=\"og:image:width\" content=\"1748\" \/>\n\t<meta property=\"og:image:height\" content=\"1240\" \/>\n\t<meta property=\"og:image:type\" content=\"image\/jpeg\" \/>\n<meta name=\"author\" content=\"admin\" \/>\n<meta name=\"twitter:card\" content=\"summary_large_image\" \/>\n<meta name=\"twitter:label1\" content=\"\u00c9crit par\" \/>\n\t<meta name=\"twitter:data1\" content=\"admin\" \/>\n\t<meta name=\"twitter:label2\" content=\"Dur\u00e9e de lecture estim\u00e9e\" \/>\n\t<meta name=\"twitter:data2\" content=\"1 minute\" \/>\n<script type=\"application\/ld+json\" class=\"yoast-schema-graph\">{\"@context\":\"https:\\\/\\\/schema.org\",\"@graph\":[{\"@type\":\"Article\",\"@id\":\"https:\\\/\\\/libellula.eu\\\/fiere\\\/libellula-partecipera-a-fabtech-2025-3-2\\\/#article\",\"isPartOf\":{\"@id\":\"https:\\\/\\\/libellula.eu\\\/fiere\\\/libellula-partecipera-a-fabtech-2025-3-2\\\/\"},\"author\":{\"name\":\"admin\",\"@id\":\"https:\\\/\\\/libellula.eu\\\/#\\\/schema\\\/person\\\/ccad73dad6971b9ab4caa4ce69130637\"},\"headline\":\"Libellula parteciper\u00e0 a Fabtech 2025\",\"datePublished\":\"2025-08-02T14:24:31+00:00\",\"dateModified\":\"2025-10-02T14:41:21+00:00\",\"mainEntityOfPage\":{\"@id\":\"https:\\\/\\\/libellula.eu\\\/fiere\\\/libellula-partecipera-a-fabtech-2025-3-2\\\/\"},\"wordCount\":139,\"commentCount\":0,\"image\":{\"@id\":\"https:\\\/\\\/libellula.eu\\\/fiere\\\/libellula-partecipera-a-fabtech-2025-3-2\\\/#primaryimage\"},\"thumbnailUrl\":\"https:\\\/\\\/libellula.eu\\\/wp-content\\\/uploads\\\/2025\\\/08\\\/Sito-WEB-FIERE-Libellula-IMG-5.jpg\",\"articleSection\":[\"Fiere\"],\"inLanguage\":\"fr-FR\",\"potentialAction\":[{\"@type\":\"CommentAction\",\"name\":\"Comment\",\"target\":[\"https:\\\/\\\/libellula.eu\\\/fiere\\\/libellula-partecipera-a-fabtech-2025-3-2\\\/#respond\"]}]},{\"@type\":\"WebPage\",\"@id\":\"https:\\\/\\\/libellula.eu\\\/fiere\\\/libellula-partecipera-a-fabtech-2025-3-2\\\/\",\"url\":\"https:\\\/\\\/libellula.eu\\\/fiere\\\/libellula-partecipera-a-fabtech-2025-3-2\\\/\",\"name\":\"Libellula parteciper\u00e0 a Fabtech 2025 - Libellula\",\"isPartOf\":{\"@id\":\"https:\\\/\\\/libellula.eu\\\/#website\"},\"primaryImageOfPage\":{\"@id\":\"https:\\\/\\\/libellula.eu\\\/fiere\\\/libellula-partecipera-a-fabtech-2025-3-2\\\/#primaryimage\"},\"image\":{\"@id\":\"https:\\\/\\\/libellula.eu\\\/fiere\\\/libellula-partecipera-a-fabtech-2025-3-2\\\/#primaryimage\"},\"thumbnailUrl\":\"https:\\\/\\\/libellula.eu\\\/wp-content\\\/uploads\\\/2025\\\/08\\\/Sito-WEB-FIERE-Libellula-IMG-5.jpg\",\"datePublished\":\"2025-08-02T14:24:31+00:00\",\"dateModified\":\"2025-10-02T14:41:21+00:00\",\"author\":{\"@id\":\"https:\\\/\\\/libellula.eu\\\/#\\\/schema\\\/person\\\/ccad73dad6971b9ab4caa4ce69130637\"},\"breadcrumb\":{\"@id\":\"https:\\\/\\\/libellula.eu\\\/fiere\\\/libellula-partecipera-a-fabtech-2025-3-2\\\/#breadcrumb\"},\"inLanguage\":\"fr-FR\",\"potentialAction\":[{\"@type\":\"ReadAction\",\"target\":[\"https:\\\/\\\/libellula.eu\\\/fiere\\\/libellula-partecipera-a-fabtech-2025-3-2\\\/\"]}]},{\"@type\":\"ImageObject\",\"inLanguage\":\"fr-FR\",\"@id\":\"https:\\\/\\\/libellula.eu\\\/fiere\\\/libellula-partecipera-a-fabtech-2025-3-2\\\/#primaryimage\",\"url\":\"https:\\\/\\\/libellula.eu\\\/wp-content\\\/uploads\\\/2025\\\/08\\\/Sito-WEB-FIERE-Libellula-IMG-5.jpg\",\"contentUrl\":\"https:\\\/\\\/libellula.eu\\\/wp-content\\\/uploads\\\/2025\\\/08\\\/Sito-WEB-FIERE-Libellula-IMG-5.jpg\",\"width\":1748,\"height\":1240},{\"@type\":\"BreadcrumbList\",\"@id\":\"https:\\\/\\\/libellula.eu\\\/fiere\\\/libellula-partecipera-a-fabtech-2025-3-2\\\/#breadcrumb\",\"itemListElement\":[{\"@type\":\"ListItem\",\"position\":1,\"name\":\"Home\",\"item\":\"https:\\\/\\\/libellula.eu\\\/\"},{\"@type\":\"ListItem\",\"position\":2,\"name\":\"Libellula parteciper\u00e0 a Fabtech 2025\"}]},{\"@type\":\"WebSite\",\"@id\":\"https:\\\/\\\/libellula.eu\\\/#website\",\"url\":\"https:\\\/\\\/libellula.eu\\\/\",\"name\":\"Libellula\",\"description\":\"\",\"potentialAction\":[{\"@type\":\"SearchAction\",\"target\":{\"@type\":\"EntryPoint\",\"urlTemplate\":\"https:\\\/\\\/libellula.eu\\\/?s={search_term_string}\"},\"query-input\":{\"@type\":\"PropertyValueSpecification\",\"valueRequired\":true,\"valueName\":\"search_term_string\"}}],\"inLanguage\":\"fr-FR\"},{\"@type\":\"Person\",\"@id\":\"https:\\\/\\\/libellula.eu\\\/#\\\/schema\\\/person\\\/ccad73dad6971b9ab4caa4ce69130637\",\"name\":\"admin\",\"image\":{\"@type\":\"ImageObject\",\"inLanguage\":\"fr-FR\",\"@id\":\"https:\\\/\\\/secure.gravatar.com\\\/avatar\\\/16d7b2a70e929fd3ee800694d82cc32031c6ec92f2d263173070f0100412f82c?s=96&d=mm&r=g\",\"url\":\"https:\\\/\\\/secure.gravatar.com\\\/avatar\\\/16d7b2a70e929fd3ee800694d82cc32031c6ec92f2d263173070f0100412f82c?s=96&d=mm&r=g\",\"contentUrl\":\"https:\\\/\\\/secure.gravatar.com\\\/avatar\\\/16d7b2a70e929fd3ee800694d82cc32031c6ec92f2d263173070f0100412f82c?s=96&d=mm&r=g\",\"caption\":\"admin\"},\"sameAs\":[\"https:\\\/\\\/libellula.eu\"],\"url\":\"https:\\\/\\\/libellula.eu\\\/fr\\\/author\\\/admin\\\/\"}]}<\/script>\n<!-- \/ Yoast SEO Premium plugin. -->","yoast_head_json":{"title":"Libellula participera \u00e0 Fabtech 2025 - Libellula","robots":{"index":"index","follow":"follow","max-snippet":"max-snippet:-1","max-image-preview":"max-image-preview:large","max-video-preview":"max-video-preview:-1"},"canonical":"https:\/\/libellula.eu\/fr\/foires-commerciales\/libellula-participera-a-fabtech-2025-3-2\/","og_locale":"fr_FR","og_type":"article","og_title":"Libellula parteciper\u00e0 a Fabtech 2025","og_description":"Libellula parteciper\u00e0 a FABTECH 2025, la fiera di riferimento in Nord America per la lavorazione dei metalli, in programma dall\u20198 all\u201911 settembre 2025 al McCormick Place di Chicago. Con oltre 35 anni di esperienza e pi\u00f9 di 14.000 clienti nel mondo, Libellula \u00e8 un punto di riferimento nel software per il taglio lamiera, oggi protagonista [&hellip;]","og_url":"https:\/\/libellula.eu\/fr\/foires-commerciales\/libellula-participera-a-fabtech-2025-3-2\/","og_site_name":"Libellula","article_published_time":"2025-08-02T14:24:31+00:00","article_modified_time":"2025-10-02T14:41:21+00:00","og_image":[{"width":1748,"height":1240,"url":"https:\/\/libellula.eu\/wp-content\/uploads\/2025\/08\/Sito-WEB-FIERE-Libellula-IMG-5.jpg","type":"image\/jpeg"}],"author":"admin","twitter_card":"summary_large_image","twitter_misc":{"\u00c9crit par":"admin","Dur\u00e9e de lecture estim\u00e9e":"1 minute"},"schema":{"@context":"https:\/\/schema.org","@graph":[{"@type":"Article","@id":"https:\/\/libellula.eu\/fiere\/libellula-partecipera-a-fabtech-2025-3-2\/#article","isPartOf":{"@id":"https:\/\/libellula.eu\/fiere\/libellula-partecipera-a-fabtech-2025-3-2\/"},"author":{"name":"admin","@id":"https:\/\/libellula.eu\/#\/schema\/person\/ccad73dad6971b9ab4caa4ce69130637"},"headline":"Libellula parteciper\u00e0 a Fabtech 2025","datePublished":"2025-08-02T14:24:31+00:00","dateModified":"2025-10-02T14:41:21+00:00","mainEntityOfPage":{"@id":"https:\/\/libellula.eu\/fiere\/libellula-partecipera-a-fabtech-2025-3-2\/"},"wordCount":139,"commentCount":0,"image":{"@id":"https:\/\/libellula.eu\/fiere\/libellula-partecipera-a-fabtech-2025-3-2\/#primaryimage"},"thumbnailUrl":"https:\/\/libellula.eu\/wp-content\/uploads\/2025\/08\/Sito-WEB-FIERE-Libellula-IMG-5.jpg","articleSection":["Fiere"],"inLanguage":"fr-FR","potentialAction":[{"@type":"CommentAction","name":"Comment","target":["https:\/\/libellula.eu\/fiere\/libellula-partecipera-a-fabtech-2025-3-2\/#respond"]}]},{"@type":"WebPage","@id":"https:\/\/libellula.eu\/fiere\/libellula-partecipera-a-fabtech-2025-3-2\/","url":"https:\/\/libellula.eu\/fiere\/libellula-partecipera-a-fabtech-2025-3-2\/","name":"Libellula participera \u00e0 Fabtech 2025 - Libellula","isPartOf":{"@id":"https:\/\/libellula.eu\/#website"},"primaryImageOfPage":{"@id":"https:\/\/libellula.eu\/fiere\/libellula-partecipera-a-fabtech-2025-3-2\/#primaryimage"},"image":{"@id":"https:\/\/libellula.eu\/fiere\/libellula-partecipera-a-fabtech-2025-3-2\/#primaryimage"},"thumbnailUrl":"https:\/\/libellula.eu\/wp-content\/uploads\/2025\/08\/Sito-WEB-FIERE-Libellula-IMG-5.jpg","datePublished":"2025-08-02T14:24:31+00:00","dateModified":"2025-10-02T14:41:21+00:00","author":{"@id":"https:\/\/libellula.eu\/#\/schema\/person\/ccad73dad6971b9ab4caa4ce69130637"},"breadcrumb":{"@id":"https:\/\/libellula.eu\/fiere\/libellula-partecipera-a-fabtech-2025-3-2\/#breadcrumb"},"inLanguage":"fr-FR","potentialAction":[{"@type":"ReadAction","target":["https:\/\/libellula.eu\/fiere\/libellula-partecipera-a-fabtech-2025-3-2\/"]}]},{"@type":"ImageObject","inLanguage":"fr-FR","@id":"https:\/\/libellula.eu\/fiere\/libellula-partecipera-a-fabtech-2025-3-2\/#primaryimage","url":"https:\/\/libellula.eu\/wp-content\/uploads\/2025\/08\/Sito-WEB-FIERE-Libellula-IMG-5.jpg","contentUrl":"https:\/\/libellula.eu\/wp-content\/uploads\/2025\/08\/Sito-WEB-FIERE-Libellula-IMG-5.jpg","width":1748,"height":1240},{"@type":"BreadcrumbList","@id":"https:\/\/libellula.eu\/fiere\/libellula-partecipera-a-fabtech-2025-3-2\/#breadcrumb","itemListElement":[{"@type":"ListItem","position":1,"name":"Home","item":"https:\/\/libellula.eu\/"},{"@type":"ListItem","position":2,"name":"Libellula parteciper\u00e0 a Fabtech 2025"}]},{"@type":"WebSite","@id":"https:\/\/libellula.eu\/#website","url":"https:\/\/libellula.eu\/","name":"Libellula","description":"","potentialAction":[{"@type":"SearchAction","target":{"@type":"EntryPoint","urlTemplate":"https:\/\/libellula.eu\/?s={search_term_string}"},"query-input":{"@type":"PropertyValueSpecification","valueRequired":true,"valueName":"search_term_string"}}],"inLanguage":"fr-FR"},{"@type":"Person","@id":"https:\/\/libellula.eu\/#\/schema\/person\/ccad73dad6971b9ab4caa4ce69130637","name":"l'administration","image":{"@type":"ImageObject","inLanguage":"fr-FR","@id":"https:\/\/secure.gravatar.com\/avatar\/16d7b2a70e929fd3ee800694d82cc32031c6ec92f2d263173070f0100412f82c?s=96&d=mm&r=g","url":"https:\/\/secure.gravatar.com\/avatar\/16d7b2a70e929fd3ee800694d82cc32031c6ec92f2d263173070f0100412f82c?s=96&d=mm&r=g","contentUrl":"https:\/\/secure.gravatar.com\/avatar\/16d7b2a70e929fd3ee800694d82cc32031c6ec92f2d263173070f0100412f82c?s=96&d=mm&r=g","caption":"admin"},"sameAs":["https:\/\/libellula.eu"],"url":"https:\/\/libellula.eu\/fr\/author\/admin\/"}]}},"_links":{"self":[{"href":"https:\/\/libellula.eu\/fr\/wp-json\/wp\/v2\/posts\/6979","targetHints":{"allow":["GET"]}}],"collection":[{"href":"https:\/\/libellula.eu\/fr\/wp-json\/wp\/v2\/posts"}],"about":[{"href":"https:\/\/libellula.eu\/fr\/wp-json\/wp\/v2\/types\/post"}],"author":[{"embeddable":true,"href":"https:\/\/libellula.eu\/fr\/wp-json\/wp\/v2\/users\/1"}],"replies":[{"embeddable":true,"href":"https:\/\/libellula.eu\/fr\/wp-json\/wp\/v2\/comments?post=6979"}],"version-history":[{"count":0,"href":"https:\/\/libellula.eu\/fr\/wp-json\/wp\/v2\/posts\/6979\/revisions"}],"wp:featuredmedia":[{"embeddable":true,"href":"https:\/\/libellula.eu\/fr\/wp-json\/wp\/v2\/media\/7018"}],"wp:attachment":[{"href":"https:\/\/libellula.eu\/fr\/wp-json\/wp\/v2\/media?parent=6979"}],"wp:term":[{"taxonomy":"category","embeddable":true,"href":"https:\/\/libellula.eu\/fr\/wp-json\/wp\/v2\/categories?post=6979"},{"taxonomy":"post_tag","embeddable":true,"href":"https:\/\/libellula.eu\/fr\/wp-json\/wp\/v2\/tags?post=6979"}],"curies":[{"name":"wp","href":"https:\/\/api.w.org\/{rel}","templated":true}]}}