{"id":1448,"date":"2025-03-01T08:32:01","date_gmt":"2025-03-01T08:32:01","guid":{"rendered":"https:\/\/libellula.eu\/?p=1448"},"modified":"2025-10-02T15:31:40","modified_gmt":"2025-10-02T15:31:40","slug":"expomafe-2025","status":"publish","type":"post","link":"https:\/\/libellula.eu\/fr\/nouvelles\/expomafe-2025\/","title":{"rendered":"EXPOMAFE 2025"},"content":{"rendered":"<div data-elementor-type=\"wp-post\" data-elementor-id=\"1448\" class=\"elementor elementor-1448\" data-elementor-post-type=\"post\">\n\t\t\t\t<div class=\"elementor-element elementor-element-57fe74a2 e-flex e-con-boxed e-con e-parent\" data-id=\"57fe74a2\" data-element_type=\"container\" data-e-type=\"container\">\n\t\t\t\t\t<div class=\"e-con-inner\">\n\t\t\t\t<div class=\"elementor-element elementor-element-ab82852 elementor-widget__width-initial elementor-widget elementor-widget-heading\" data-id=\"ab82852\" data-element_type=\"widget\" data-e-type=\"widget\" data-widget_type=\"heading.default\">\n\t\t\t\t<div class=\"elementor-widget-container\">\n\t\t\t\t\t<h2 class=\"elementor-heading-title elementor-size-default\"><p>Libellula est fier d'annoncer sa participation \u00e0 \n<span style=\"color: #B01B24\"> EXPOMAFE 2025 : <\/span> <br> <span style=\"color: #B01B24\"><\/span> <\/p><\/h2>\t\t\t\t<\/div>\n\t\t\t\t<\/div>\n\t\t\t\t<div class=\"elementor-element elementor-element-6ebe7f1 elementor-widget elementor-widget-text-editor\" data-id=\"6ebe7f1\" data-element_type=\"widget\" data-e-type=\"widget\" data-widget_type=\"text-editor.default\">\n\t\t\t\t<div class=\"elementor-widget-container\">\n\t\t\t\t\t\t\t\t\t\n<p>Libellula est fier d'annoncer sa participation \u00e0 EXPOMAFE 2025, l'un des plus importants salons professionnels de l'industrie du travail des m\u00e9taux, qui se tiendra du 6 au 10 mai 2025 au centre d'exposition Anhembi de S\u00e3o Paulo, au Br\u00e9sil.<\/p>\n<p>Cet \u00e9v\u00e9nement est une occasion unique de d\u00e9couvrir les derni\u00e8res innovations technologiques et de rencontrer les leaders du secteur.<\/p>\n<p>Libellula au salon : des solutions logicielles plus intelligentes pour l'usinage des m\u00e9taux<br \/><strong>Avec plus de 500 exposants et des milliers de visiteurs attendus, EXPOMAFE<\/strong> est l'\u00e9v\u00e9nement majeur pour l'industrie de la machine-outil et de l'automatisation industrielle.<\/p>\n<p>Libellula sera pr\u00e9sent dans le hall B, stand 085, pour pr\u00e9senter ses solutions logicielles les plus avanc\u00e9es, con\u00e7ues pour optimiser la productivit\u00e9 et am\u00e9liorer l'efficacit\u00e9 dans l'atelier. D\u00e9couvrez quelques-unes des innovations que vous d\u00e9couvrirez au salon :<\/p>\n<ul>\n<li><strong>Libellula.CUT<\/strong> - Notre logiciel CAD\/CAM avanc\u00e9 pour la programmation des machines de d\u00e9coupe est compatible avec toutes les principales technologies de d\u00e9coupe, y compris le laser, le plasma, l'oxycoupage et le jet d'eau.<\/li>\n<\/ul>\n<p>\u00a0<\/p>\n<ul>\n<li><strong>Libellula.BEND<\/strong> - Il permet la programmation hors ligne et la simulation du processus de pliage dans un environnement 3D, ce qui r\u00e9duit consid\u00e9rablement les temps d'arr\u00eat de la machine et \u00e9vite le gaspillage de mat\u00e9riaux. Gr\u00e2ce \u00e0 son interface intuitive et \u00e0 la philosophie \"Zero Training\", m\u00eame les op\u00e9rateurs inexp\u00e9riment\u00e9s peuvent r\u00e9gler les plis rapidement, en toute s\u00e9curit\u00e9 et avec une pr\u00e9cision maximale.<\/li>\n<\/ul>\n<p>\u00a0<\/p>\n<ul>\n<li><strong>Libellula.QUOTATION<\/strong> - La solution cloud qui simplifie et acc\u00e9l\u00e8re la g\u00e9n\u00e9ration de devis. Dot\u00e9e d'une interface intuitive, elle permet aux utilisateurs de calculer les co\u00fbts directement \u00e0 partir de fichiers DXF, PDF et STEP, am\u00e9liorant ainsi l'efficacit\u00e9 et la pr\u00e9cision des calculs.<br \/>Ne manquez pas l'occasion de nous rencontrer !<br \/>Venez nous rendre visite dans le hall B, stand 085, et d\u00e9couvrez comment les solutions Libellula peuvent transformer votre production et accro\u00eetre la comp\u00e9titivit\u00e9 de votre entreprise. Notre \u00e9quipe d'experts sera \u00e0 votre disposition pour des d\u00e9monstrations personnalis\u00e9es et pour r\u00e9pondre \u00e0 toutes vos questions. Libellula \u00e0 EXPOMAFE 2025 - Hall B, Stand 085.<br \/>Nous sommes impatients de vous rencontrer et de vous montrer comment Libellula peut rendre votre entreprise plus efficace et la pr\u00e9parer \u00e0 relever les d\u00e9fis futurs.<\/li>\n<\/ul>\n<p>\u00a0<\/p>\n<p>Pour plus d'informations, veuillez contacter notre \u00e9quipe :<br \/>libellula.br@libellula.eu<\/p>\n\t\t\t\t\t\t\t\t<\/div>\n\t\t\t\t<\/div>\n\t\t\t\t\t<\/div>\n\t\t\t\t<\/div>\n\t\t\t\t<\/div>","protected":false},"excerpt":{"rendered":"<p>Libellula \u00e8 orgogliosa di annunciare la sua partecipazione a EXPOMAFE 2025: Libellula \u00e8 orgogliosa di annunciare la sua partecipazione a EXPOMAFE 2025, una delle fiere pi\u00f9 importanti per l&#8217;industria della lavorazione dei metalli, che si terr\u00e0 dal 6 al 10 maggio 2025 presso il Centro Espositivo Anhembi di San Paolo, in Brasile. Questo evento rappresenta [&hellip;]<\/p>\n","protected":false},"author":1,"featured_media":2841,"comment_status":"open","ping_status":"open","sticky":false,"template":"","format":"standard","meta":{"footnotes":""},"categories":[30],"tags":[],"class_list":["post-1448","post","type-post","status-publish","format-standard","has-post-thumbnail","hentry","category-news"],"yoast_head":"<!-- This site is optimized with the Yoast SEO Premium plugin v26.1 (Yoast SEO v27.4) - https:\/\/yoast.com\/product\/yoast-seo-premium-wordpress\/ -->\n<title>EXPOMAFE 2025 - Libellula<\/title>\n<meta name=\"robots\" content=\"index, follow, max-snippet:-1, max-image-preview:large, max-video-preview:-1\" \/>\n<link rel=\"canonical\" href=\"https:\/\/libellula.eu\/fr\/nouvelles\/expomafe-2025\/\" \/>\n<meta property=\"og:locale\" content=\"fr_FR\" \/>\n<meta property=\"og:type\" content=\"article\" \/>\n<meta property=\"og:title\" content=\"EXPOMAFE 2025\" \/>\n<meta property=\"og:description\" content=\"Libellula \u00e8 orgogliosa di annunciare la sua partecipazione a EXPOMAFE 2025: Libellula \u00e8 orgogliosa di annunciare la sua partecipazione a EXPOMAFE 2025, una delle fiere pi\u00f9 importanti per l&#8217;industria della lavorazione dei metalli, che si terr\u00e0 dal 6 al 10 maggio 2025 presso il Centro Espositivo Anhembi di San Paolo, in Brasile. Questo evento rappresenta [&hellip;]\" \/>\n<meta property=\"og:url\" content=\"https:\/\/libellula.eu\/fr\/nouvelles\/expomafe-2025\/\" \/>\n<meta property=\"og:site_name\" content=\"Libellula\" \/>\n<meta property=\"article:published_time\" content=\"2025-03-01T08:32:01+00:00\" \/>\n<meta property=\"article:modified_time\" content=\"2025-10-02T15:31:40+00:00\" \/>\n<meta property=\"og:image\" content=\"https:\/\/libellula.eu\/wp-content\/uploads\/2025\/07\/DEM-PRODOTTO-5.jpg\" \/>\n\t<meta property=\"og:image:width\" content=\"1748\" \/>\n\t<meta property=\"og:image:height\" content=\"1240\" \/>\n\t<meta property=\"og:image:type\" content=\"image\/jpeg\" \/>\n<meta name=\"author\" content=\"admin\" \/>\n<meta name=\"twitter:card\" content=\"summary_large_image\" \/>\n<meta name=\"twitter:label1\" content=\"\u00c9crit par\" \/>\n\t<meta name=\"twitter:data1\" content=\"admin\" \/>\n\t<meta name=\"twitter:label2\" content=\"Dur\u00e9e de lecture estim\u00e9e\" \/>\n\t<meta name=\"twitter:data2\" content=\"2 minutes\" \/>\n<script type=\"application\/ld+json\" class=\"yoast-schema-graph\">{\"@context\":\"https:\\\/\\\/schema.org\",\"@graph\":[{\"@type\":\"Article\",\"@id\":\"https:\\\/\\\/libellula.eu\\\/news\\\/expomafe-2025\\\/#article\",\"isPartOf\":{\"@id\":\"https:\\\/\\\/libellula.eu\\\/news\\\/expomafe-2025\\\/\"},\"author\":{\"name\":\"admin\",\"@id\":\"https:\\\/\\\/libellula.eu\\\/#\\\/schema\\\/person\\\/ccad73dad6971b9ab4caa4ce69130637\"},\"headline\":\"EXPOMAFE 2025\",\"datePublished\":\"2025-03-01T08:32:01+00:00\",\"dateModified\":\"2025-10-02T15:31:40+00:00\",\"mainEntityOfPage\":{\"@id\":\"https:\\\/\\\/libellula.eu\\\/news\\\/expomafe-2025\\\/\"},\"wordCount\":350,\"commentCount\":0,\"image\":{\"@id\":\"https:\\\/\\\/libellula.eu\\\/news\\\/expomafe-2025\\\/#primaryimage\"},\"thumbnailUrl\":\"https:\\\/\\\/libellula.eu\\\/wp-content\\\/uploads\\\/2025\\\/07\\\/DEM-PRODOTTO-5.jpg\",\"articleSection\":[\"News\"],\"inLanguage\":\"fr-FR\",\"potentialAction\":[{\"@type\":\"CommentAction\",\"name\":\"Comment\",\"target\":[\"https:\\\/\\\/libellula.eu\\\/news\\\/expomafe-2025\\\/#respond\"]}]},{\"@type\":\"WebPage\",\"@id\":\"https:\\\/\\\/libellula.eu\\\/news\\\/expomafe-2025\\\/\",\"url\":\"https:\\\/\\\/libellula.eu\\\/news\\\/expomafe-2025\\\/\",\"name\":\"EXPOMAFE 2025 - Libellula\",\"isPartOf\":{\"@id\":\"https:\\\/\\\/libellula.eu\\\/#website\"},\"primaryImageOfPage\":{\"@id\":\"https:\\\/\\\/libellula.eu\\\/news\\\/expomafe-2025\\\/#primaryimage\"},\"image\":{\"@id\":\"https:\\\/\\\/libellula.eu\\\/news\\\/expomafe-2025\\\/#primaryimage\"},\"thumbnailUrl\":\"https:\\\/\\\/libellula.eu\\\/wp-content\\\/uploads\\\/2025\\\/07\\\/DEM-PRODOTTO-5.jpg\",\"datePublished\":\"2025-03-01T08:32:01+00:00\",\"dateModified\":\"2025-10-02T15:31:40+00:00\",\"author\":{\"@id\":\"https:\\\/\\\/libellula.eu\\\/#\\\/schema\\\/person\\\/ccad73dad6971b9ab4caa4ce69130637\"},\"breadcrumb\":{\"@id\":\"https:\\\/\\\/libellula.eu\\\/news\\\/expomafe-2025\\\/#breadcrumb\"},\"inLanguage\":\"fr-FR\",\"potentialAction\":[{\"@type\":\"ReadAction\",\"target\":[\"https:\\\/\\\/libellula.eu\\\/news\\\/expomafe-2025\\\/\"]}]},{\"@type\":\"ImageObject\",\"inLanguage\":\"fr-FR\",\"@id\":\"https:\\\/\\\/libellula.eu\\\/news\\\/expomafe-2025\\\/#primaryimage\",\"url\":\"https:\\\/\\\/libellula.eu\\\/wp-content\\\/uploads\\\/2025\\\/07\\\/DEM-PRODOTTO-5.jpg\",\"contentUrl\":\"https:\\\/\\\/libellula.eu\\\/wp-content\\\/uploads\\\/2025\\\/07\\\/DEM-PRODOTTO-5.jpg\",\"width\":1748,\"height\":1240},{\"@type\":\"BreadcrumbList\",\"@id\":\"https:\\\/\\\/libellula.eu\\\/news\\\/expomafe-2025\\\/#breadcrumb\",\"itemListElement\":[{\"@type\":\"ListItem\",\"position\":1,\"name\":\"Home\",\"item\":\"https:\\\/\\\/libellula.eu\\\/\"},{\"@type\":\"ListItem\",\"position\":2,\"name\":\"EXPOMAFE 2025\"}]},{\"@type\":\"WebSite\",\"@id\":\"https:\\\/\\\/libellula.eu\\\/#website\",\"url\":\"https:\\\/\\\/libellula.eu\\\/\",\"name\":\"Libellula\",\"description\":\"\",\"potentialAction\":[{\"@type\":\"SearchAction\",\"target\":{\"@type\":\"EntryPoint\",\"urlTemplate\":\"https:\\\/\\\/libellula.eu\\\/?s={search_term_string}\"},\"query-input\":{\"@type\":\"PropertyValueSpecification\",\"valueRequired\":true,\"valueName\":\"search_term_string\"}}],\"inLanguage\":\"fr-FR\"},{\"@type\":\"Person\",\"@id\":\"https:\\\/\\\/libellula.eu\\\/#\\\/schema\\\/person\\\/ccad73dad6971b9ab4caa4ce69130637\",\"name\":\"admin\",\"image\":{\"@type\":\"ImageObject\",\"inLanguage\":\"fr-FR\",\"@id\":\"https:\\\/\\\/secure.gravatar.com\\\/avatar\\\/16d7b2a70e929fd3ee800694d82cc32031c6ec92f2d263173070f0100412f82c?s=96&d=mm&r=g\",\"url\":\"https:\\\/\\\/secure.gravatar.com\\\/avatar\\\/16d7b2a70e929fd3ee800694d82cc32031c6ec92f2d263173070f0100412f82c?s=96&d=mm&r=g\",\"contentUrl\":\"https:\\\/\\\/secure.gravatar.com\\\/avatar\\\/16d7b2a70e929fd3ee800694d82cc32031c6ec92f2d263173070f0100412f82c?s=96&d=mm&r=g\",\"caption\":\"admin\"},\"sameAs\":[\"https:\\\/\\\/libellula.eu\"],\"url\":\"https:\\\/\\\/libellula.eu\\\/fr\\\/author\\\/admin\\\/\"}]}<\/script>\n<!-- \/ Yoast SEO Premium plugin. -->","yoast_head_json":{"title":"EXPOMAFE 2025 - Libellula","robots":{"index":"index","follow":"follow","max-snippet":"max-snippet:-1","max-image-preview":"max-image-preview:large","max-video-preview":"max-video-preview:-1"},"canonical":"https:\/\/libellula.eu\/fr\/nouvelles\/expomafe-2025\/","og_locale":"fr_FR","og_type":"article","og_title":"EXPOMAFE 2025","og_description":"Libellula \u00e8 orgogliosa di annunciare la sua partecipazione a EXPOMAFE 2025: Libellula \u00e8 orgogliosa di annunciare la sua partecipazione a EXPOMAFE 2025, una delle fiere pi\u00f9 importanti per l&#8217;industria della lavorazione dei metalli, che si terr\u00e0 dal 6 al 10 maggio 2025 presso il Centro Espositivo Anhembi di San Paolo, in Brasile. Questo evento rappresenta [&hellip;]","og_url":"https:\/\/libellula.eu\/fr\/nouvelles\/expomafe-2025\/","og_site_name":"Libellula","article_published_time":"2025-03-01T08:32:01+00:00","article_modified_time":"2025-10-02T15:31:40+00:00","og_image":[{"width":1748,"height":1240,"url":"https:\/\/libellula.eu\/wp-content\/uploads\/2025\/07\/DEM-PRODOTTO-5.jpg","type":"image\/jpeg"}],"author":"admin","twitter_card":"summary_large_image","twitter_misc":{"\u00c9crit par":"admin","Dur\u00e9e de lecture estim\u00e9e":"2 minutes"},"schema":{"@context":"https:\/\/schema.org","@graph":[{"@type":"Article","@id":"https:\/\/libellula.eu\/news\/expomafe-2025\/#article","isPartOf":{"@id":"https:\/\/libellula.eu\/news\/expomafe-2025\/"},"author":{"name":"admin","@id":"https:\/\/libellula.eu\/#\/schema\/person\/ccad73dad6971b9ab4caa4ce69130637"},"headline":"EXPOMAFE 2025","datePublished":"2025-03-01T08:32:01+00:00","dateModified":"2025-10-02T15:31:40+00:00","mainEntityOfPage":{"@id":"https:\/\/libellula.eu\/news\/expomafe-2025\/"},"wordCount":350,"commentCount":0,"image":{"@id":"https:\/\/libellula.eu\/news\/expomafe-2025\/#primaryimage"},"thumbnailUrl":"https:\/\/libellula.eu\/wp-content\/uploads\/2025\/07\/DEM-PRODOTTO-5.jpg","articleSection":["News"],"inLanguage":"fr-FR","potentialAction":[{"@type":"CommentAction","name":"Comment","target":["https:\/\/libellula.eu\/news\/expomafe-2025\/#respond"]}]},{"@type":"WebPage","@id":"https:\/\/libellula.eu\/news\/expomafe-2025\/","url":"https:\/\/libellula.eu\/news\/expomafe-2025\/","name":"EXPOMAFE 2025 - Libellula","isPartOf":{"@id":"https:\/\/libellula.eu\/#website"},"primaryImageOfPage":{"@id":"https:\/\/libellula.eu\/news\/expomafe-2025\/#primaryimage"},"image":{"@id":"https:\/\/libellula.eu\/news\/expomafe-2025\/#primaryimage"},"thumbnailUrl":"https:\/\/libellula.eu\/wp-content\/uploads\/2025\/07\/DEM-PRODOTTO-5.jpg","datePublished":"2025-03-01T08:32:01+00:00","dateModified":"2025-10-02T15:31:40+00:00","author":{"@id":"https:\/\/libellula.eu\/#\/schema\/person\/ccad73dad6971b9ab4caa4ce69130637"},"breadcrumb":{"@id":"https:\/\/libellula.eu\/news\/expomafe-2025\/#breadcrumb"},"inLanguage":"fr-FR","potentialAction":[{"@type":"ReadAction","target":["https:\/\/libellula.eu\/news\/expomafe-2025\/"]}]},{"@type":"ImageObject","inLanguage":"fr-FR","@id":"https:\/\/libellula.eu\/news\/expomafe-2025\/#primaryimage","url":"https:\/\/libellula.eu\/wp-content\/uploads\/2025\/07\/DEM-PRODOTTO-5.jpg","contentUrl":"https:\/\/libellula.eu\/wp-content\/uploads\/2025\/07\/DEM-PRODOTTO-5.jpg","width":1748,"height":1240},{"@type":"BreadcrumbList","@id":"https:\/\/libellula.eu\/news\/expomafe-2025\/#breadcrumb","itemListElement":[{"@type":"ListItem","position":1,"name":"Home","item":"https:\/\/libellula.eu\/"},{"@type":"ListItem","position":2,"name":"EXPOMAFE 2025"}]},{"@type":"WebSite","@id":"https:\/\/libellula.eu\/#website","url":"https:\/\/libellula.eu\/","name":"Libellula","description":"","potentialAction":[{"@type":"SearchAction","target":{"@type":"EntryPoint","urlTemplate":"https:\/\/libellula.eu\/?s={search_term_string}"},"query-input":{"@type":"PropertyValueSpecification","valueRequired":true,"valueName":"search_term_string"}}],"inLanguage":"fr-FR"},{"@type":"Person","@id":"https:\/\/libellula.eu\/#\/schema\/person\/ccad73dad6971b9ab4caa4ce69130637","name":"l'administration","image":{"@type":"ImageObject","inLanguage":"fr-FR","@id":"https:\/\/secure.gravatar.com\/avatar\/16d7b2a70e929fd3ee800694d82cc32031c6ec92f2d263173070f0100412f82c?s=96&d=mm&r=g","url":"https:\/\/secure.gravatar.com\/avatar\/16d7b2a70e929fd3ee800694d82cc32031c6ec92f2d263173070f0100412f82c?s=96&d=mm&r=g","contentUrl":"https:\/\/secure.gravatar.com\/avatar\/16d7b2a70e929fd3ee800694d82cc32031c6ec92f2d263173070f0100412f82c?s=96&d=mm&r=g","caption":"admin"},"sameAs":["https:\/\/libellula.eu"],"url":"https:\/\/libellula.eu\/fr\/author\/admin\/"}]}},"_links":{"self":[{"href":"https:\/\/libellula.eu\/fr\/wp-json\/wp\/v2\/posts\/1448","targetHints":{"allow":["GET"]}}],"collection":[{"href":"https:\/\/libellula.eu\/fr\/wp-json\/wp\/v2\/posts"}],"about":[{"href":"https:\/\/libellula.eu\/fr\/wp-json\/wp\/v2\/types\/post"}],"author":[{"embeddable":true,"href":"https:\/\/libellula.eu\/fr\/wp-json\/wp\/v2\/users\/1"}],"replies":[{"embeddable":true,"href":"https:\/\/libellula.eu\/fr\/wp-json\/wp\/v2\/comments?post=1448"}],"version-history":[{"count":0,"href":"https:\/\/libellula.eu\/fr\/wp-json\/wp\/v2\/posts\/1448\/revisions"}],"wp:featuredmedia":[{"embeddable":true,"href":"https:\/\/libellula.eu\/fr\/wp-json\/wp\/v2\/media\/2841"}],"wp:attachment":[{"href":"https:\/\/libellula.eu\/fr\/wp-json\/wp\/v2\/media?parent=1448"}],"wp:term":[{"taxonomy":"category","embeddable":true,"href":"https:\/\/libellula.eu\/fr\/wp-json\/wp\/v2\/categories?post=1448"},{"taxonomy":"post_tag","embeddable":true,"href":"https:\/\/libellula.eu\/fr\/wp-json\/wp\/v2\/tags?post=1448"}],"curies":[{"name":"wp","href":"https:\/\/api.w.org\/{rel}","templated":true}]}}