{"id":8814,"date":"2026-02-23T15:09:48","date_gmt":"2026-02-23T15:09:48","guid":{"rendered":"https:\/\/libellula.eu\/?p=8814"},"modified":"2026-02-23T16:37:46","modified_gmt":"2026-02-23T16:37:46","slug":"libellula-srl-apoya-la-nueva-escuela-infantil-de-roreto-di-cherasco","status":"publish","type":"post","link":"https:\/\/libellula.eu\/es\/proyectos\/libellula-srl-apoya-la-nueva-escuela-infantil-de-roreto-di-cherasco\/","title":{"rendered":"Libellula Srl apoya la nueva guarder\u00eda de Roreto di Cherasco"},"content":{"rendered":"<p>Una inversi\u00f3n en el territorio para la educaci\u00f3n, el bienestar y la sostenibilidad<\/p>\n\n\n\n<h2 class=\"wp-block-heading\" id=\"h-il-progetto-del-nuovo-asilo-nido\"><strong>El nuevo proyecto de jard\u00edn de infancia<\/strong><\/h2>\n\n\n\n<p>Libellula Srl se encuentra entre las empresas que han decidido apoyar la realizaci\u00f3n del <strong>nueva escuela infantil p\u00fablica en Roreto di Cherasco<\/strong>situado en la ciudadela del<a href=\"https:\/\/www.linkedin.com\/posts\/libellula-s-r-l-_asilo-cherasco-activity-7382343956434673664-NVP8?utm_source=share&amp;utm_medium=member_desktop&amp;rcm=ACoAAAgDoqQBh0O6LHm40X_nUesnSlRlP_6PJRU\">infancia de via Gandolfino<\/a>.<\/p>\n\n\n\n<p>Gracias a m\u00e1s de 200.000 euros de aportaciones privadas, seis empresas locales -entre ellas Libellula- apoyaron una iniciativa p\u00fablica para completar obras no cubiertas por los fondos del PNRR. Las principales intervenciones se refieren a:<\/p>\n\n\n\n<ul class=\"wp-block-list\">\n<li>Disposici\u00f3n de los senderos<\/li>\n\n\n\n<li>Creaci\u00f3n de zonas verdes<\/li>\n\n\n\n<li>Mejorar la accesibilidad de los espacios urbanos<\/li>\n<\/ul>\n\n\n\n<p>Estas obras contribuyen a una <strong>un entorno educativo acogedor, sostenible e integrado<\/strong>.<\/p>\n\n\n\n<h2 class=\"wp-block-heading\" id=\"h-caratteristiche-del-nuovo-asilo-nido\"><strong>Caracter\u00edsticas de la nueva guarder\u00eda<\/strong><\/h2>\n\n\n\n<p>El nuevo jard\u00edn de infancia, desarrollado en una sola planta de aproximadamente 450 metros cuadrados, puede albergar hasta <strong>30 ni\u00f1os<\/strong>. Los espacios incluyen:<\/p>\n\n\n\n<ul class=\"wp-block-list\">\n<li>Aulas y talleres dise\u00f1ados para estimular la creatividad<\/li>\n\n\n\n<li>Espacios comunes para el juego y el bienestar infantil<\/li>\n\n\n\n<li>Dise\u00f1o inspirado en los estanques, con materiales naturales y colores delicados<\/li>\n<\/ul>\n\n\n\n<p>Adem\u00e1s, un <strong>Sistema fotovoltaico de 26 kW<\/strong>Esto confirma la atenci\u00f3n prestada a la sostenibilidad medioambiental y la eficiencia energ\u00e9tica.<\/p>\n\n\n\n<figure class=\"wp-block-image size-large\"><img fetchpriority=\"high\" decoding=\"async\" width=\"1024\" height=\"561\" src=\"https:\/\/libellula.eu\/wp-content\/uploads\/2026\/02\/image-2-1024x561.png\" alt=\"\" class=\"wp-image-8819\" srcset=\"https:\/\/libellula.eu\/wp-content\/uploads\/2026\/02\/image-2-1024x561.png 1024w, https:\/\/libellula.eu\/wp-content\/uploads\/2026\/02\/image-2-300x165.png 300w, https:\/\/libellula.eu\/wp-content\/uploads\/2026\/02\/image-2-768x421.png 768w, https:\/\/libellula.eu\/wp-content\/uploads\/2026\/02\/image-2-18x10.png 18w, https:\/\/libellula.eu\/wp-content\/uploads\/2026\/02\/image-2.png 1200w\" sizes=\"(max-width: 1024px) 100vw, 1024px\" \/><\/figure>\n\n\n\n<h2 class=\"wp-block-heading\" id=\"h-il-ruolo-di-libellula-srl-nel-territorio\"><strong>El papel de Libellula Srl en el territorio<\/strong><\/h2>\n\n\n\n<p>Para Libellula, la contribuci\u00f3n al nuevo jard\u00edn de infancia es un gesto concreto de <strong>restituci\u00f3n al territorio<\/strong> y acci\u00f3n coherentes con su visi\u00f3n corporativa centrada en las personas y el bienestar colectivo.<\/p>\n\n\n\n<blockquote class=\"wp-block-quote is-layout-flow wp-block-quote-is-layout-flow\">\n<p>\"Estamos convencidos de que el futuro de la innovaci\u00f3n tambi\u00e9n reside en la capacidad de imaginar y construir lugares en los que la educaci\u00f3n, la belleza y la sostenibilidad est\u00e9n entrelazadas\" -. <strong>Eleonora Alessandria, Directora de RRHH de Libellula<\/strong>.<\/p>\n<\/blockquote>\n\n\n\n<p>Los hijos de los colaboradores de Libellula tambi\u00e9n tendr\u00e1n <strong>acceso prioritario al servicio<\/strong>reforzar el v\u00ednculo entre empresa, personas y comunidad.<\/p>\n\n\n\n<h2 class=\"wp-block-heading\" id=\"h-impegno-di-libellula-verso-welfare-e-responsabilita-sociale\"><strong>El compromiso de Libellula con el bienestar y la responsabilidad social<\/strong><\/h2>\n\n\n\n<p>En los \u00faltimos a\u00f1os, Libellula ha desarrollado pol\u00edticas estructuradas de:<\/p>\n\n\n\n<ul class=\"wp-block-list\">\n<li>Bienestar empresarial con la <strong><a href=\"https:\/\/libellula.eu\/es\/proyectos\/libellula-presenta-mind-the-break\/\">Cuidado con la pausa<\/a><\/strong><\/li>\n\n\n\n<li>Flexibilidad y apoyo a los padres<\/li>\n\n\n\n<li>Inclusi\u00f3n e igualdad de g\u00e9nero con indicadores clave de rendimiento, formaci\u00f3n continua y gobernanza espec\u00edfica.<\/li>\n<\/ul>\n\n\n\n<blockquote class=\"wp-block-quote is-layout-flow wp-block-quote-is-layout-flow\">\n<p>Construir un futuro laboral sostenible significa invertir en las personas y en los contextos en los que viven\" - <strong>Umberto Cammardella, Director General de Libellula<\/strong>.<\/p>\n<\/blockquote>\n\n\n\n<p>El apoyo a la guarder\u00eda refleja la visi\u00f3n de Libellula como <strong>empresa que genera valor social adem\u00e1s de econ\u00f3mico<\/strong>.<\/p>\n\n\n\n<figure class=\"wp-block-image size-large\"><img decoding=\"async\" width=\"1024\" height=\"669\" data-src=\"https:\/\/libellula.eu\/wp-content\/uploads\/2026\/02\/WhatsApp-Image-2026-02-23-at-15.39.10-1024x669.jpeg\" alt=\"\" class=\"wp-image-8822 lazyload\" data-srcset=\"https:\/\/libellula.eu\/wp-content\/uploads\/2026\/02\/WhatsApp-Image-2026-02-23-at-15.39.10-1024x669.jpeg 1024w, https:\/\/libellula.eu\/wp-content\/uploads\/2026\/02\/WhatsApp-Image-2026-02-23-at-15.39.10-300x196.jpeg 300w, https:\/\/libellula.eu\/wp-content\/uploads\/2026\/02\/WhatsApp-Image-2026-02-23-at-15.39.10-768x502.jpeg 768w, https:\/\/libellula.eu\/wp-content\/uploads\/2026\/02\/WhatsApp-Image-2026-02-23-at-15.39.10-18x12.jpeg 18w, https:\/\/libellula.eu\/wp-content\/uploads\/2026\/02\/WhatsApp-Image-2026-02-23-at-15.39.10.jpeg 1200w\" data-sizes=\"(max-width: 1024px) 100vw, 1024px\" src=\"data:image\/svg+xml;base64,PHN2ZyB3aWR0aD0iMSIgaGVpZ2h0PSIxIiB4bWxucz0iaHR0cDovL3d3dy53My5vcmcvMjAwMC9zdmciPjwvc3ZnPg==\" style=\"--smush-placeholder-width: 1024px; --smush-placeholder-aspect-ratio: 1024\/669;\" \/><\/figure>\n\n\n\n<h2 class=\"wp-block-heading\" id=\"h-per-un-futuro-inclusivo-e-sostenibile\"><strong>Por un futuro integrador y sostenible<\/strong><\/h2>\n\n\n\n<p>Con este proyecto, Libellula confirma su voluntad de ser no s\u00f3lo una referencia en la <strong>sector del software industrial<\/strong>sino tambi\u00e9n un modelo de negocio capaz de combinar<\/p>\n\n\n\n<ul class=\"wp-block-list\">\n<li>Innovaci\u00f3n tecnol\u00f3gica<\/li>\n\n\n\n<li>Atenci\u00f3n a las personas<\/li>\n\n\n\n<li>Compromiso con el territorio<\/li>\n<\/ul>\n\n\n\n<p>La nueva guarder\u00eda p\u00fablica de Roreto di Cherasco se convierte as\u00ed en un s\u00edmbolo concreto de <strong>educaci\u00f3n, sostenibilidad y bienestar familiar<\/strong>contribuir a un futuro m\u00e1s integrador para las nuevas generaciones.<\/p>\n\n\n\n<figure class=\"wp-block-image size-full\"><img decoding=\"async\" width=\"751\" height=\"740\" data-src=\"https:\/\/libellula.eu\/wp-content\/uploads\/2026\/02\/Gemini_Generated_Image_6h92lx6h92lx6h92-1.png\" alt=\"\" class=\"wp-image-8827 lazyload\" data-srcset=\"https:\/\/libellula.eu\/wp-content\/uploads\/2026\/02\/Gemini_Generated_Image_6h92lx6h92lx6h92-1.png 751w, https:\/\/libellula.eu\/wp-content\/uploads\/2026\/02\/Gemini_Generated_Image_6h92lx6h92lx6h92-1-300x296.png 300w, https:\/\/libellula.eu\/wp-content\/uploads\/2026\/02\/Gemini_Generated_Image_6h92lx6h92lx6h92-1-12x12.png 12w\" data-sizes=\"(max-width: 751px) 100vw, 751px\" src=\"data:image\/svg+xml;base64,PHN2ZyB3aWR0aD0iMSIgaGVpZ2h0PSIxIiB4bWxucz0iaHR0cDovL3d3dy53My5vcmcvMjAwMC9zdmciPjwvc3ZnPg==\" style=\"--smush-placeholder-width: 751px; --smush-placeholder-aspect-ratio: 751\/740;\" \/><\/figure>","protected":false},"excerpt":{"rendered":"<p>Un investimento nel territorio per l\u2019educazione, il benessere e la sostenibilit\u00e0 Il progetto del nuovo asilo nido Libellula Srl \u00e8 tra le aziende che hanno scelto di sostenere la realizzazione del nuovo asilo nido pubblico di Roreto di Cherasco, situato nella cittadella dell\u2019infanzia di via Gandolfino. Grazie a oltre 200.000 euro di contributi privati, sei [&hellip;]<\/p>\n","protected":false},"author":3,"featured_media":8815,"comment_status":"open","ping_status":"open","sticky":false,"template":"","format":"standard","meta":{"footnotes":""},"categories":[32],"tags":[],"class_list":["post-8814","post","type-post","status-publish","format-standard","has-post-thumbnail","hentry","category-progetti"],"yoast_head":"<!-- This site is optimized with the Yoast SEO Premium plugin v26.1 (Yoast SEO v27.4) - https:\/\/yoast.com\/product\/yoast-seo-premium-wordpress\/ -->\n<title>Libellula Srl sostiene il nuovo asilo nido di Roreto di Cherasco - Libellula<\/title>\n<meta name=\"description\" content=\"Libellula Srl contribuisce al nuovo asilo nido pubblico di Roreto, promuovendo educazione, sostenibilit\u00e0 e benessere delle famiglie\" \/>\n<meta name=\"robots\" content=\"index, follow, max-snippet:-1, max-image-preview:large, max-video-preview:-1\" \/>\n<link rel=\"canonical\" href=\"https:\/\/libellula.eu\/es\/proyectos\/libellula-srl-apoya-la-nueva-escuela-infantil-de-roreto-di-cherasco\/\" \/>\n<meta property=\"og:locale\" content=\"es_ES\" \/>\n<meta property=\"og:type\" content=\"article\" \/>\n<meta property=\"og:title\" content=\"Libellula Srl sostiene il nuovo asilo nido di Roreto di Cherasco\" \/>\n<meta property=\"og:description\" content=\"Libellula Srl contribuisce al nuovo asilo nido pubblico di Roreto, promuovendo educazione, sostenibilit\u00e0 e benessere delle famiglie\" \/>\n<meta property=\"og:url\" content=\"https:\/\/libellula.eu\/es\/proyectos\/libellula-srl-apoya-la-nueva-escuela-infantil-de-roreto-di-cherasco\/\" \/>\n<meta property=\"og:site_name\" content=\"Libellula\" \/>\n<meta property=\"article:published_time\" content=\"2026-02-23T15:09:48+00:00\" \/>\n<meta property=\"article:modified_time\" content=\"2026-02-23T16:37:46+00:00\" \/>\n<meta property=\"og:image\" content=\"https:\/\/libellula.eu\/wp-content\/uploads\/2026\/02\/WhatsApp-Image-2026-02-11-at-16.36.40.jpeg\" \/>\n\t<meta property=\"og:image:width\" content=\"1600\" \/>\n\t<meta property=\"og:image:height\" content=\"1200\" \/>\n\t<meta property=\"og:image:type\" content=\"image\/jpeg\" \/>\n<meta name=\"author\" content=\"Silvia\" \/>\n<meta name=\"twitter:card\" content=\"summary_large_image\" \/>\n<meta name=\"twitter:label1\" content=\"Escrito por\" \/>\n\t<meta name=\"twitter:data1\" content=\"Silvia\" \/>\n\t<meta name=\"twitter:label2\" content=\"Tiempo de lectura\" \/>\n\t<meta name=\"twitter:data2\" content=\"3 minutos\" \/>\n<script type=\"application\/ld+json\" class=\"yoast-schema-graph\">{\"@context\":\"https:\\\/\\\/schema.org\",\"@graph\":[{\"@type\":\"Article\",\"@id\":\"https:\\\/\\\/libellula.eu\\\/progetti\\\/libellula-srl-sostiene-il-nuovo-asilo-nido-di-roreto-di-cherasco\\\/#article\",\"isPartOf\":{\"@id\":\"https:\\\/\\\/libellula.eu\\\/progetti\\\/libellula-srl-sostiene-il-nuovo-asilo-nido-di-roreto-di-cherasco\\\/\"},\"author\":{\"name\":\"Silvia\",\"@id\":\"https:\\\/\\\/libellula.eu\\\/#\\\/schema\\\/person\\\/a995fc56d90830242e8ccfa82e6e3c08\"},\"headline\":\"Libellula Srl sostiene il nuovo asilo nido di Roreto di Cherasco\",\"datePublished\":\"2026-02-23T15:09:48+00:00\",\"dateModified\":\"2026-02-23T16:37:46+00:00\",\"mainEntityOfPage\":{\"@id\":\"https:\\\/\\\/libellula.eu\\\/progetti\\\/libellula-srl-sostiene-il-nuovo-asilo-nido-di-roreto-di-cherasco\\\/\"},\"wordCount\":444,\"commentCount\":0,\"image\":{\"@id\":\"https:\\\/\\\/libellula.eu\\\/progetti\\\/libellula-srl-sostiene-il-nuovo-asilo-nido-di-roreto-di-cherasco\\\/#primaryimage\"},\"thumbnailUrl\":\"https:\\\/\\\/libellula.eu\\\/wp-content\\\/uploads\\\/2026\\\/02\\\/WhatsApp-Image-2026-02-11-at-16.36.40.jpeg\",\"articleSection\":[\"Progetti\"],\"inLanguage\":\"es\",\"potentialAction\":[{\"@type\":\"CommentAction\",\"name\":\"Comment\",\"target\":[\"https:\\\/\\\/libellula.eu\\\/progetti\\\/libellula-srl-sostiene-il-nuovo-asilo-nido-di-roreto-di-cherasco\\\/#respond\"]}]},{\"@type\":\"WebPage\",\"@id\":\"https:\\\/\\\/libellula.eu\\\/progetti\\\/libellula-srl-sostiene-il-nuovo-asilo-nido-di-roreto-di-cherasco\\\/\",\"url\":\"https:\\\/\\\/libellula.eu\\\/progetti\\\/libellula-srl-sostiene-il-nuovo-asilo-nido-di-roreto-di-cherasco\\\/\",\"name\":\"Libellula Srl sostiene il nuovo asilo nido di Roreto di Cherasco - Libellula\",\"isPartOf\":{\"@id\":\"https:\\\/\\\/libellula.eu\\\/#website\"},\"primaryImageOfPage\":{\"@id\":\"https:\\\/\\\/libellula.eu\\\/progetti\\\/libellula-srl-sostiene-il-nuovo-asilo-nido-di-roreto-di-cherasco\\\/#primaryimage\"},\"image\":{\"@id\":\"https:\\\/\\\/libellula.eu\\\/progetti\\\/libellula-srl-sostiene-il-nuovo-asilo-nido-di-roreto-di-cherasco\\\/#primaryimage\"},\"thumbnailUrl\":\"https:\\\/\\\/libellula.eu\\\/wp-content\\\/uploads\\\/2026\\\/02\\\/WhatsApp-Image-2026-02-11-at-16.36.40.jpeg\",\"datePublished\":\"2026-02-23T15:09:48+00:00\",\"dateModified\":\"2026-02-23T16:37:46+00:00\",\"author\":{\"@id\":\"https:\\\/\\\/libellula.eu\\\/#\\\/schema\\\/person\\\/a995fc56d90830242e8ccfa82e6e3c08\"},\"description\":\"Libellula Srl contribuisce al nuovo asilo nido pubblico di Roreto, promuovendo educazione, sostenibilit\u00e0 e benessere delle famiglie\",\"breadcrumb\":{\"@id\":\"https:\\\/\\\/libellula.eu\\\/progetti\\\/libellula-srl-sostiene-il-nuovo-asilo-nido-di-roreto-di-cherasco\\\/#breadcrumb\"},\"inLanguage\":\"es\",\"potentialAction\":[{\"@type\":\"ReadAction\",\"target\":[\"https:\\\/\\\/libellula.eu\\\/progetti\\\/libellula-srl-sostiene-il-nuovo-asilo-nido-di-roreto-di-cherasco\\\/\"]}]},{\"@type\":\"ImageObject\",\"inLanguage\":\"es\",\"@id\":\"https:\\\/\\\/libellula.eu\\\/progetti\\\/libellula-srl-sostiene-il-nuovo-asilo-nido-di-roreto-di-cherasco\\\/#primaryimage\",\"url\":\"https:\\\/\\\/libellula.eu\\\/wp-content\\\/uploads\\\/2026\\\/02\\\/WhatsApp-Image-2026-02-11-at-16.36.40.jpeg\",\"contentUrl\":\"https:\\\/\\\/libellula.eu\\\/wp-content\\\/uploads\\\/2026\\\/02\\\/WhatsApp-Image-2026-02-11-at-16.36.40.jpeg\",\"width\":1600,\"height\":1200,\"caption\":\"Libellula asilo nido Roreto\"},{\"@type\":\"BreadcrumbList\",\"@id\":\"https:\\\/\\\/libellula.eu\\\/progetti\\\/libellula-srl-sostiene-il-nuovo-asilo-nido-di-roreto-di-cherasco\\\/#breadcrumb\",\"itemListElement\":[{\"@type\":\"ListItem\",\"position\":1,\"name\":\"Home\",\"item\":\"https:\\\/\\\/libellula.eu\\\/\"},{\"@type\":\"ListItem\",\"position\":2,\"name\":\"Libellula Srl sostiene il nuovo asilo nido di Roreto di Cherasco\"}]},{\"@type\":\"WebSite\",\"@id\":\"https:\\\/\\\/libellula.eu\\\/#website\",\"url\":\"https:\\\/\\\/libellula.eu\\\/\",\"name\":\"Libellula\",\"description\":\"\",\"potentialAction\":[{\"@type\":\"SearchAction\",\"target\":{\"@type\":\"EntryPoint\",\"urlTemplate\":\"https:\\\/\\\/libellula.eu\\\/?s={search_term_string}\"},\"query-input\":{\"@type\":\"PropertyValueSpecification\",\"valueRequired\":true,\"valueName\":\"search_term_string\"}}],\"inLanguage\":\"es\"},{\"@type\":\"Person\",\"@id\":\"https:\\\/\\\/libellula.eu\\\/#\\\/schema\\\/person\\\/a995fc56d90830242e8ccfa82e6e3c08\",\"name\":\"Silvia\",\"image\":{\"@type\":\"ImageObject\",\"inLanguage\":\"es\",\"@id\":\"https:\\\/\\\/secure.gravatar.com\\\/avatar\\\/72271e59c789bb20155b3fe4c0294add39cacf3d666c9832d7bc65f846a32447?s=96&d=mm&r=g\",\"url\":\"https:\\\/\\\/secure.gravatar.com\\\/avatar\\\/72271e59c789bb20155b3fe4c0294add39cacf3d666c9832d7bc65f846a32447?s=96&d=mm&r=g\",\"contentUrl\":\"https:\\\/\\\/secure.gravatar.com\\\/avatar\\\/72271e59c789bb20155b3fe4c0294add39cacf3d666c9832d7bc65f846a32447?s=96&d=mm&r=g\",\"caption\":\"Silvia\"},\"url\":\"https:\\\/\\\/libellula.eu\\\/es\\\/author\\\/silvia\\\/\"}]}<\/script>\n<!-- \/ Yoast SEO Premium plugin. -->","yoast_head_json":{"title":"Libellula Srl apoya la nueva guarder\u00eda de Roreto di Cherasco - Libellula","description":"Libellula Srl contribuye a la nueva guarder\u00eda p\u00fablica de Roreto, fomentando la educaci\u00f3n, la sostenibilidad y el bienestar familiar","robots":{"index":"index","follow":"follow","max-snippet":"max-snippet:-1","max-image-preview":"max-image-preview:large","max-video-preview":"max-video-preview:-1"},"canonical":"https:\/\/libellula.eu\/es\/proyectos\/libellula-srl-apoya-la-nueva-escuela-infantil-de-roreto-di-cherasco\/","og_locale":"es_ES","og_type":"article","og_title":"Libellula Srl sostiene il nuovo asilo nido di Roreto di Cherasco","og_description":"Libellula Srl contribuisce al nuovo asilo nido pubblico di Roreto, promuovendo educazione, sostenibilit\u00e0 e benessere delle famiglie","og_url":"https:\/\/libellula.eu\/es\/proyectos\/libellula-srl-apoya-la-nueva-escuela-infantil-de-roreto-di-cherasco\/","og_site_name":"Libellula","article_published_time":"2026-02-23T15:09:48+00:00","article_modified_time":"2026-02-23T16:37:46+00:00","og_image":[{"width":1600,"height":1200,"url":"https:\/\/libellula.eu\/wp-content\/uploads\/2026\/02\/WhatsApp-Image-2026-02-11-at-16.36.40.jpeg","type":"image\/jpeg"}],"author":"Silvia","twitter_card":"summary_large_image","twitter_misc":{"Escrito por":"Silvia","Tiempo de lectura":"3 minutos"},"schema":{"@context":"https:\/\/schema.org","@graph":[{"@type":"Article","@id":"https:\/\/libellula.eu\/progetti\/libellula-srl-sostiene-il-nuovo-asilo-nido-di-roreto-di-cherasco\/#article","isPartOf":{"@id":"https:\/\/libellula.eu\/progetti\/libellula-srl-sostiene-il-nuovo-asilo-nido-di-roreto-di-cherasco\/"},"author":{"name":"Silvia","@id":"https:\/\/libellula.eu\/#\/schema\/person\/a995fc56d90830242e8ccfa82e6e3c08"},"headline":"Libellula Srl sostiene il nuovo asilo nido di Roreto di Cherasco","datePublished":"2026-02-23T15:09:48+00:00","dateModified":"2026-02-23T16:37:46+00:00","mainEntityOfPage":{"@id":"https:\/\/libellula.eu\/progetti\/libellula-srl-sostiene-il-nuovo-asilo-nido-di-roreto-di-cherasco\/"},"wordCount":444,"commentCount":0,"image":{"@id":"https:\/\/libellula.eu\/progetti\/libellula-srl-sostiene-il-nuovo-asilo-nido-di-roreto-di-cherasco\/#primaryimage"},"thumbnailUrl":"https:\/\/libellula.eu\/wp-content\/uploads\/2026\/02\/WhatsApp-Image-2026-02-11-at-16.36.40.jpeg","articleSection":["Progetti"],"inLanguage":"es","potentialAction":[{"@type":"CommentAction","name":"Comment","target":["https:\/\/libellula.eu\/progetti\/libellula-srl-sostiene-il-nuovo-asilo-nido-di-roreto-di-cherasco\/#respond"]}]},{"@type":"WebPage","@id":"https:\/\/libellula.eu\/progetti\/libellula-srl-sostiene-il-nuovo-asilo-nido-di-roreto-di-cherasco\/","url":"https:\/\/libellula.eu\/progetti\/libellula-srl-sostiene-il-nuovo-asilo-nido-di-roreto-di-cherasco\/","name":"Libellula Srl apoya la nueva guarder\u00eda de Roreto di Cherasco - Libellula","isPartOf":{"@id":"https:\/\/libellula.eu\/#website"},"primaryImageOfPage":{"@id":"https:\/\/libellula.eu\/progetti\/libellula-srl-sostiene-il-nuovo-asilo-nido-di-roreto-di-cherasco\/#primaryimage"},"image":{"@id":"https:\/\/libellula.eu\/progetti\/libellula-srl-sostiene-il-nuovo-asilo-nido-di-roreto-di-cherasco\/#primaryimage"},"thumbnailUrl":"https:\/\/libellula.eu\/wp-content\/uploads\/2026\/02\/WhatsApp-Image-2026-02-11-at-16.36.40.jpeg","datePublished":"2026-02-23T15:09:48+00:00","dateModified":"2026-02-23T16:37:46+00:00","author":{"@id":"https:\/\/libellula.eu\/#\/schema\/person\/a995fc56d90830242e8ccfa82e6e3c08"},"description":"Libellula Srl contribuye a la nueva guarder\u00eda p\u00fablica de Roreto, fomentando la educaci\u00f3n, la sostenibilidad y el bienestar familiar","breadcrumb":{"@id":"https:\/\/libellula.eu\/progetti\/libellula-srl-sostiene-il-nuovo-asilo-nido-di-roreto-di-cherasco\/#breadcrumb"},"inLanguage":"es","potentialAction":[{"@type":"ReadAction","target":["https:\/\/libellula.eu\/progetti\/libellula-srl-sostiene-il-nuovo-asilo-nido-di-roreto-di-cherasco\/"]}]},{"@type":"ImageObject","inLanguage":"es","@id":"https:\/\/libellula.eu\/progetti\/libellula-srl-sostiene-il-nuovo-asilo-nido-di-roreto-di-cherasco\/#primaryimage","url":"https:\/\/libellula.eu\/wp-content\/uploads\/2026\/02\/WhatsApp-Image-2026-02-11-at-16.36.40.jpeg","contentUrl":"https:\/\/libellula.eu\/wp-content\/uploads\/2026\/02\/WhatsApp-Image-2026-02-11-at-16.36.40.jpeg","width":1600,"height":1200,"caption":"Libellula asilo nido Roreto"},{"@type":"BreadcrumbList","@id":"https:\/\/libellula.eu\/progetti\/libellula-srl-sostiene-il-nuovo-asilo-nido-di-roreto-di-cherasco\/#breadcrumb","itemListElement":[{"@type":"ListItem","position":1,"name":"Home","item":"https:\/\/libellula.eu\/"},{"@type":"ListItem","position":2,"name":"Libellula Srl sostiene il nuovo asilo nido di Roreto di Cherasco"}]},{"@type":"WebSite","@id":"https:\/\/libellula.eu\/#website","url":"https:\/\/libellula.eu\/","name":"Libellula","description":"","potentialAction":[{"@type":"SearchAction","target":{"@type":"EntryPoint","urlTemplate":"https:\/\/libellula.eu\/?s={search_term_string}"},"query-input":{"@type":"PropertyValueSpecification","valueRequired":true,"valueName":"search_term_string"}}],"inLanguage":"es"},{"@type":"Person","@id":"https:\/\/libellula.eu\/#\/schema\/person\/a995fc56d90830242e8ccfa82e6e3c08","name":"Silvia","image":{"@type":"ImageObject","inLanguage":"es","@id":"https:\/\/secure.gravatar.com\/avatar\/72271e59c789bb20155b3fe4c0294add39cacf3d666c9832d7bc65f846a32447?s=96&d=mm&r=g","url":"https:\/\/secure.gravatar.com\/avatar\/72271e59c789bb20155b3fe4c0294add39cacf3d666c9832d7bc65f846a32447?s=96&d=mm&r=g","contentUrl":"https:\/\/secure.gravatar.com\/avatar\/72271e59c789bb20155b3fe4c0294add39cacf3d666c9832d7bc65f846a32447?s=96&d=mm&r=g","caption":"Silvia"},"url":"https:\/\/libellula.eu\/es\/author\/silvia\/"}]}},"_links":{"self":[{"href":"https:\/\/libellula.eu\/es\/wp-json\/wp\/v2\/posts\/8814","targetHints":{"allow":["GET"]}}],"collection":[{"href":"https:\/\/libellula.eu\/es\/wp-json\/wp\/v2\/posts"}],"about":[{"href":"https:\/\/libellula.eu\/es\/wp-json\/wp\/v2\/types\/post"}],"author":[{"embeddable":true,"href":"https:\/\/libellula.eu\/es\/wp-json\/wp\/v2\/users\/3"}],"replies":[{"embeddable":true,"href":"https:\/\/libellula.eu\/es\/wp-json\/wp\/v2\/comments?post=8814"}],"version-history":[{"count":5,"href":"https:\/\/libellula.eu\/es\/wp-json\/wp\/v2\/posts\/8814\/revisions"}],"predecessor-version":[{"id":8830,"href":"https:\/\/libellula.eu\/es\/wp-json\/wp\/v2\/posts\/8814\/revisions\/8830"}],"wp:featuredmedia":[{"embeddable":true,"href":"https:\/\/libellula.eu\/es\/wp-json\/wp\/v2\/media\/8815"}],"wp:attachment":[{"href":"https:\/\/libellula.eu\/es\/wp-json\/wp\/v2\/media?parent=8814"}],"wp:term":[{"taxonomy":"category","embeddable":true,"href":"https:\/\/libellula.eu\/es\/wp-json\/wp\/v2\/categories?post=8814"},{"taxonomy":"post_tag","embeddable":true,"href":"https:\/\/libellula.eu\/es\/wp-json\/wp\/v2\/tags?post=8814"}],"curies":[{"name":"wp","href":"https:\/\/api.w.org\/{rel}","templated":true}]}}