{"id":6997,"date":"2025-09-24T14:30:51","date_gmt":"2025-09-24T14:30:51","guid":{"rendered":"https:\/\/libellula.eu\/?p=6997"},"modified":"2025-10-20T12:40:39","modified_gmt":"2025-10-20T12:40:39","slug":"libellula-participara-en-blechexpo-2025-3-2-2","status":"publish","type":"post","link":"https:\/\/libellula.eu\/es\/ferias-comerciales\/libellula-participara-en-blechexpo-2025-3-2-2\/","title":{"rendered":"Libellula participar\u00e1 en BlechExpo 2025"},"content":{"rendered":"<div data-elementor-type=\"wp-post\" data-elementor-id=\"6997\" class=\"elementor elementor-6997\" data-elementor-post-type=\"post\">\n\t\t\t\t<div class=\"elementor-element elementor-element-389526e6 e-flex e-con-boxed e-con e-parent\" data-id=\"389526e6\" data-element_type=\"container\" data-e-type=\"container\">\n\t\t\t\t\t<div class=\"e-con-inner\">\n\t\t\t\t<div class=\"elementor-element elementor-element-283d97c1 elementor-widget elementor-widget-text-editor\" data-id=\"283d97c1\" data-element_type=\"widget\" data-e-type=\"widget\" data-widget_type=\"text-editor.default\">\n\t\t\t\t<div class=\"elementor-widget-container\">\n\t\t\t\t\t\t\t\t\t<p data-start=\"170\" data-end=\"365\"><strong data-start=\"170\" data-end=\"212\">Libellula participar\u00e1 en <a href=\"https:\/\/www.blechexpo-messe.de\/en\/Exhibitor-Index\/65492-libellula-gmbh\/\">Blechexpo 2025<\/a><\/strong>la feria internacional de referencia para el trabajo de la chapa, que se celebrar\u00e1 del <strong data-start=\"304\" data-end=\"329\">Del 21 al 24 de octubre de 2025<\/strong> en <strong data-start=\"333\" data-end=\"362\">Messe Stuttgart, Alemania<\/strong>.<\/p>\n<p data-start=\"367\" data-end=\"621\">Con m\u00e1s de 35 a\u00f1os de experiencia y m\u00e1s de 14.000 clientes en todo el mundo, Libellula es una referencia en software de corte de chapa, hoy actor clave de la transici\u00f3n 5.0 gracias a soluciones que combinan eficacia de producci\u00f3n y bienestar humano.<\/p>\n<p data-start=\"623\" data-end=\"911\">En el stand de Libellula se presentar\u00e1n las soluciones de software m\u00e1s avanzadas para optimizar y digitalizar todo el proceso de producci\u00f3n -desde el presupuesto hasta el corte, desde el plegado hasta la supervisi\u00f3n de la f\u00e1brica-, mejorando la productividad, los flujos de trabajo y la interacci\u00f3n hombre-m\u00e1quina.<\/p>\n<p data-start=\"913\" data-end=\"1079\">Con presencia mundial, Libellula sigue innovando para mejorar la calidad del trabajo en sectores estrat\u00e9gicos como el aeroespacial, la automoci\u00f3n, la construcci\u00f3n naval y la medicina.<\/p>\n<p data-start=\"1081\" data-end=\"1118\">Libellula le espera en <strong data-start=\"1097\" data-end=\"1115\">Blechexpo 2025<\/strong>!<\/p>\t\t\t\t\t\t\t\t<\/div>\n\t\t\t\t<\/div>\n\t\t\t\t\t<\/div>\n\t\t\t\t<\/div>\n\t\t\t\t<\/div>","protected":false},"excerpt":{"rendered":"<p>Libellula parteciper\u00e0 a Blechexpo 2025, la fiera internazionale di riferimento per la lavorazione della lamiera, in programma dal 21 al 24 ottobre 2025 al Messe Stuttgart, Germania. Con oltre 35 anni di esperienza e pi\u00f9 di 14.000 clienti nel mondo, Libellula \u00e8 un punto di riferimento nel software per il taglio lamiera, oggi protagonista nella [&hellip;]<\/p>\n","protected":false},"author":1,"featured_media":7006,"comment_status":"open","ping_status":"open","sticky":false,"template":"","format":"standard","meta":{"footnotes":""},"categories":[31],"tags":[],"class_list":["post-6997","post","type-post","status-publish","format-standard","has-post-thumbnail","hentry","category-fiere"],"yoast_head":"<!-- This site is optimized with the Yoast SEO Premium plugin v26.1 (Yoast SEO v27.4) - https:\/\/yoast.com\/product\/yoast-seo-premium-wordpress\/ -->\n<title>Libellula parteciper\u00e0 a BlechExpo 2025 - Libellula<\/title>\n<meta name=\"description\" content=\"Libellula parteciper\u00e0 a Blechexpo 2025, la fiera internazionale di riferimento per la lavorazione della lamiera!\" \/>\n<meta name=\"robots\" content=\"index, follow, max-snippet:-1, max-image-preview:large, max-video-preview:-1\" \/>\n<link rel=\"canonical\" href=\"https:\/\/libellula.eu\/es\/ferias-comerciales\/libellula-participara-en-blechexpo-2025-3-2-2\/\" \/>\n<meta property=\"og:locale\" content=\"es_ES\" \/>\n<meta property=\"og:type\" content=\"article\" \/>\n<meta property=\"og:title\" content=\"Libellula parteciper\u00e0 a BlechExpo 2025\" \/>\n<meta property=\"og:description\" content=\"Libellula parteciper\u00e0 a Blechexpo 2025, la fiera internazionale di riferimento per la lavorazione della lamiera!\" \/>\n<meta property=\"og:url\" content=\"https:\/\/libellula.eu\/es\/ferias-comerciales\/libellula-participara-en-blechexpo-2025-3-2-2\/\" \/>\n<meta property=\"og:site_name\" content=\"Libellula\" \/>\n<meta property=\"article:published_time\" content=\"2025-09-24T14:30:51+00:00\" \/>\n<meta property=\"article:modified_time\" content=\"2025-10-20T12:40:39+00:00\" \/>\n<meta property=\"og:image\" content=\"https:\/\/libellula.eu\/wp-content\/uploads\/2025\/09\/Sito-WEB-FIERE-Libellula-IMG-4.jpg\" \/>\n\t<meta property=\"og:image:width\" content=\"1748\" \/>\n\t<meta property=\"og:image:height\" content=\"1240\" \/>\n\t<meta property=\"og:image:type\" content=\"image\/jpeg\" \/>\n<meta name=\"author\" content=\"admin\" \/>\n<meta name=\"twitter:card\" content=\"summary_large_image\" \/>\n<meta name=\"twitter:label1\" content=\"Escrito por\" \/>\n\t<meta name=\"twitter:data1\" content=\"admin\" \/>\n\t<meta name=\"twitter:label2\" content=\"Tiempo de lectura\" \/>\n\t<meta name=\"twitter:data2\" content=\"1 minuto\" \/>\n<script type=\"application\/ld+json\" class=\"yoast-schema-graph\">{\"@context\":\"https:\\\/\\\/schema.org\",\"@graph\":[{\"@type\":\"Article\",\"@id\":\"https:\\\/\\\/libellula.eu\\\/fiere\\\/libellula-partecipera-a-blechexpo-2025-3-2-2-2\\\/#article\",\"isPartOf\":{\"@id\":\"https:\\\/\\\/libellula.eu\\\/fiere\\\/libellula-partecipera-a-blechexpo-2025-3-2-2-2\\\/\"},\"author\":{\"name\":\"admin\",\"@id\":\"https:\\\/\\\/libellula.eu\\\/#\\\/schema\\\/person\\\/ccad73dad6971b9ab4caa4ce69130637\"},\"headline\":\"Libellula parteciper\u00e0 a BlechExpo 2025\",\"datePublished\":\"2025-09-24T14:30:51+00:00\",\"dateModified\":\"2025-10-20T12:40:39+00:00\",\"mainEntityOfPage\":{\"@id\":\"https:\\\/\\\/libellula.eu\\\/fiere\\\/libellula-partecipera-a-blechexpo-2025-3-2-2-2\\\/\"},\"wordCount\":127,\"commentCount\":0,\"image\":{\"@id\":\"https:\\\/\\\/libellula.eu\\\/fiere\\\/libellula-partecipera-a-blechexpo-2025-3-2-2-2\\\/#primaryimage\"},\"thumbnailUrl\":\"https:\\\/\\\/libellula.eu\\\/wp-content\\\/uploads\\\/2025\\\/09\\\/Sito-WEB-FIERE-Libellula-IMG-4.jpg\",\"articleSection\":[\"Fiere\"],\"inLanguage\":\"es\",\"potentialAction\":[{\"@type\":\"CommentAction\",\"name\":\"Comment\",\"target\":[\"https:\\\/\\\/libellula.eu\\\/fiere\\\/libellula-partecipera-a-blechexpo-2025-3-2-2-2\\\/#respond\"]}]},{\"@type\":\"WebPage\",\"@id\":\"https:\\\/\\\/libellula.eu\\\/fiere\\\/libellula-partecipera-a-blechexpo-2025-3-2-2-2\\\/\",\"url\":\"https:\\\/\\\/libellula.eu\\\/fiere\\\/libellula-partecipera-a-blechexpo-2025-3-2-2-2\\\/\",\"name\":\"Libellula parteciper\u00e0 a BlechExpo 2025 - Libellula\",\"isPartOf\":{\"@id\":\"https:\\\/\\\/libellula.eu\\\/#website\"},\"primaryImageOfPage\":{\"@id\":\"https:\\\/\\\/libellula.eu\\\/fiere\\\/libellula-partecipera-a-blechexpo-2025-3-2-2-2\\\/#primaryimage\"},\"image\":{\"@id\":\"https:\\\/\\\/libellula.eu\\\/fiere\\\/libellula-partecipera-a-blechexpo-2025-3-2-2-2\\\/#primaryimage\"},\"thumbnailUrl\":\"https:\\\/\\\/libellula.eu\\\/wp-content\\\/uploads\\\/2025\\\/09\\\/Sito-WEB-FIERE-Libellula-IMG-4.jpg\",\"datePublished\":\"2025-09-24T14:30:51+00:00\",\"dateModified\":\"2025-10-20T12:40:39+00:00\",\"author\":{\"@id\":\"https:\\\/\\\/libellula.eu\\\/#\\\/schema\\\/person\\\/ccad73dad6971b9ab4caa4ce69130637\"},\"description\":\"Libellula parteciper\u00e0 a Blechexpo 2025, la fiera internazionale di riferimento per la lavorazione della lamiera!\",\"breadcrumb\":{\"@id\":\"https:\\\/\\\/libellula.eu\\\/fiere\\\/libellula-partecipera-a-blechexpo-2025-3-2-2-2\\\/#breadcrumb\"},\"inLanguage\":\"es\",\"potentialAction\":[{\"@type\":\"ReadAction\",\"target\":[\"https:\\\/\\\/libellula.eu\\\/fiere\\\/libellula-partecipera-a-blechexpo-2025-3-2-2-2\\\/\"]}]},{\"@type\":\"ImageObject\",\"inLanguage\":\"es\",\"@id\":\"https:\\\/\\\/libellula.eu\\\/fiere\\\/libellula-partecipera-a-blechexpo-2025-3-2-2-2\\\/#primaryimage\",\"url\":\"https:\\\/\\\/libellula.eu\\\/wp-content\\\/uploads\\\/2025\\\/09\\\/Sito-WEB-FIERE-Libellula-IMG-4.jpg\",\"contentUrl\":\"https:\\\/\\\/libellula.eu\\\/wp-content\\\/uploads\\\/2025\\\/09\\\/Sito-WEB-FIERE-Libellula-IMG-4.jpg\",\"width\":1748,\"height\":1240},{\"@type\":\"BreadcrumbList\",\"@id\":\"https:\\\/\\\/libellula.eu\\\/fiere\\\/libellula-partecipera-a-blechexpo-2025-3-2-2-2\\\/#breadcrumb\",\"itemListElement\":[{\"@type\":\"ListItem\",\"position\":1,\"name\":\"Home\",\"item\":\"https:\\\/\\\/libellula.eu\\\/\"},{\"@type\":\"ListItem\",\"position\":2,\"name\":\"Libellula parteciper\u00e0 a BlechExpo 2025\"}]},{\"@type\":\"WebSite\",\"@id\":\"https:\\\/\\\/libellula.eu\\\/#website\",\"url\":\"https:\\\/\\\/libellula.eu\\\/\",\"name\":\"Libellula\",\"description\":\"\",\"potentialAction\":[{\"@type\":\"SearchAction\",\"target\":{\"@type\":\"EntryPoint\",\"urlTemplate\":\"https:\\\/\\\/libellula.eu\\\/?s={search_term_string}\"},\"query-input\":{\"@type\":\"PropertyValueSpecification\",\"valueRequired\":true,\"valueName\":\"search_term_string\"}}],\"inLanguage\":\"es\"},{\"@type\":\"Person\",\"@id\":\"https:\\\/\\\/libellula.eu\\\/#\\\/schema\\\/person\\\/ccad73dad6971b9ab4caa4ce69130637\",\"name\":\"admin\",\"image\":{\"@type\":\"ImageObject\",\"inLanguage\":\"es\",\"@id\":\"https:\\\/\\\/secure.gravatar.com\\\/avatar\\\/16d7b2a70e929fd3ee800694d82cc32031c6ec92f2d263173070f0100412f82c?s=96&d=mm&r=g\",\"url\":\"https:\\\/\\\/secure.gravatar.com\\\/avatar\\\/16d7b2a70e929fd3ee800694d82cc32031c6ec92f2d263173070f0100412f82c?s=96&d=mm&r=g\",\"contentUrl\":\"https:\\\/\\\/secure.gravatar.com\\\/avatar\\\/16d7b2a70e929fd3ee800694d82cc32031c6ec92f2d263173070f0100412f82c?s=96&d=mm&r=g\",\"caption\":\"admin\"},\"sameAs\":[\"https:\\\/\\\/libellula.eu\"],\"url\":\"https:\\\/\\\/libellula.eu\\\/es\\\/author\\\/admin\\\/\"}]}<\/script>\n<!-- \/ Yoast SEO Premium plugin. -->","yoast_head_json":{"title":"Libellula participar\u00e1 en BlechExpo 2025 - Libellula","description":"Libellula participar\u00e1 en Blechexpo 2025, la feria internacional de referencia para el trabajo de la chapa.","robots":{"index":"index","follow":"follow","max-snippet":"max-snippet:-1","max-image-preview":"max-image-preview:large","max-video-preview":"max-video-preview:-1"},"canonical":"https:\/\/libellula.eu\/es\/ferias-comerciales\/libellula-participara-en-blechexpo-2025-3-2-2\/","og_locale":"es_ES","og_type":"article","og_title":"Libellula parteciper\u00e0 a BlechExpo 2025","og_description":"Libellula parteciper\u00e0 a Blechexpo 2025, la fiera internazionale di riferimento per la lavorazione della lamiera!","og_url":"https:\/\/libellula.eu\/es\/ferias-comerciales\/libellula-participara-en-blechexpo-2025-3-2-2\/","og_site_name":"Libellula","article_published_time":"2025-09-24T14:30:51+00:00","article_modified_time":"2025-10-20T12:40:39+00:00","og_image":[{"width":1748,"height":1240,"url":"https:\/\/libellula.eu\/wp-content\/uploads\/2025\/09\/Sito-WEB-FIERE-Libellula-IMG-4.jpg","type":"image\/jpeg"}],"author":"admin","twitter_card":"summary_large_image","twitter_misc":{"Escrito por":"admin","Tiempo de lectura":"1 minuto"},"schema":{"@context":"https:\/\/schema.org","@graph":[{"@type":"Article","@id":"https:\/\/libellula.eu\/fiere\/libellula-partecipera-a-blechexpo-2025-3-2-2-2\/#article","isPartOf":{"@id":"https:\/\/libellula.eu\/fiere\/libellula-partecipera-a-blechexpo-2025-3-2-2-2\/"},"author":{"name":"admin","@id":"https:\/\/libellula.eu\/#\/schema\/person\/ccad73dad6971b9ab4caa4ce69130637"},"headline":"Libellula parteciper\u00e0 a BlechExpo 2025","datePublished":"2025-09-24T14:30:51+00:00","dateModified":"2025-10-20T12:40:39+00:00","mainEntityOfPage":{"@id":"https:\/\/libellula.eu\/fiere\/libellula-partecipera-a-blechexpo-2025-3-2-2-2\/"},"wordCount":127,"commentCount":0,"image":{"@id":"https:\/\/libellula.eu\/fiere\/libellula-partecipera-a-blechexpo-2025-3-2-2-2\/#primaryimage"},"thumbnailUrl":"https:\/\/libellula.eu\/wp-content\/uploads\/2025\/09\/Sito-WEB-FIERE-Libellula-IMG-4.jpg","articleSection":["Fiere"],"inLanguage":"es","potentialAction":[{"@type":"CommentAction","name":"Comment","target":["https:\/\/libellula.eu\/fiere\/libellula-partecipera-a-blechexpo-2025-3-2-2-2\/#respond"]}]},{"@type":"WebPage","@id":"https:\/\/libellula.eu\/fiere\/libellula-partecipera-a-blechexpo-2025-3-2-2-2\/","url":"https:\/\/libellula.eu\/fiere\/libellula-partecipera-a-blechexpo-2025-3-2-2-2\/","name":"Libellula participar\u00e1 en BlechExpo 2025 - Libellula","isPartOf":{"@id":"https:\/\/libellula.eu\/#website"},"primaryImageOfPage":{"@id":"https:\/\/libellula.eu\/fiere\/libellula-partecipera-a-blechexpo-2025-3-2-2-2\/#primaryimage"},"image":{"@id":"https:\/\/libellula.eu\/fiere\/libellula-partecipera-a-blechexpo-2025-3-2-2-2\/#primaryimage"},"thumbnailUrl":"https:\/\/libellula.eu\/wp-content\/uploads\/2025\/09\/Sito-WEB-FIERE-Libellula-IMG-4.jpg","datePublished":"2025-09-24T14:30:51+00:00","dateModified":"2025-10-20T12:40:39+00:00","author":{"@id":"https:\/\/libellula.eu\/#\/schema\/person\/ccad73dad6971b9ab4caa4ce69130637"},"description":"Libellula participar\u00e1 en Blechexpo 2025, la feria internacional de referencia para el trabajo de la chapa.","breadcrumb":{"@id":"https:\/\/libellula.eu\/fiere\/libellula-partecipera-a-blechexpo-2025-3-2-2-2\/#breadcrumb"},"inLanguage":"es","potentialAction":[{"@type":"ReadAction","target":["https:\/\/libellula.eu\/fiere\/libellula-partecipera-a-blechexpo-2025-3-2-2-2\/"]}]},{"@type":"ImageObject","inLanguage":"es","@id":"https:\/\/libellula.eu\/fiere\/libellula-partecipera-a-blechexpo-2025-3-2-2-2\/#primaryimage","url":"https:\/\/libellula.eu\/wp-content\/uploads\/2025\/09\/Sito-WEB-FIERE-Libellula-IMG-4.jpg","contentUrl":"https:\/\/libellula.eu\/wp-content\/uploads\/2025\/09\/Sito-WEB-FIERE-Libellula-IMG-4.jpg","width":1748,"height":1240},{"@type":"BreadcrumbList","@id":"https:\/\/libellula.eu\/fiere\/libellula-partecipera-a-blechexpo-2025-3-2-2-2\/#breadcrumb","itemListElement":[{"@type":"ListItem","position":1,"name":"Home","item":"https:\/\/libellula.eu\/"},{"@type":"ListItem","position":2,"name":"Libellula parteciper\u00e0 a BlechExpo 2025"}]},{"@type":"WebSite","@id":"https:\/\/libellula.eu\/#website","url":"https:\/\/libellula.eu\/","name":"Libellula","description":"","potentialAction":[{"@type":"SearchAction","target":{"@type":"EntryPoint","urlTemplate":"https:\/\/libellula.eu\/?s={search_term_string}"},"query-input":{"@type":"PropertyValueSpecification","valueRequired":true,"valueName":"search_term_string"}}],"inLanguage":"es"},{"@type":"Person","@id":"https:\/\/libellula.eu\/#\/schema\/person\/ccad73dad6971b9ab4caa4ce69130637","name":"admin","image":{"@type":"ImageObject","inLanguage":"es","@id":"https:\/\/secure.gravatar.com\/avatar\/16d7b2a70e929fd3ee800694d82cc32031c6ec92f2d263173070f0100412f82c?s=96&d=mm&r=g","url":"https:\/\/secure.gravatar.com\/avatar\/16d7b2a70e929fd3ee800694d82cc32031c6ec92f2d263173070f0100412f82c?s=96&d=mm&r=g","contentUrl":"https:\/\/secure.gravatar.com\/avatar\/16d7b2a70e929fd3ee800694d82cc32031c6ec92f2d263173070f0100412f82c?s=96&d=mm&r=g","caption":"admin"},"sameAs":["https:\/\/libellula.eu"],"url":"https:\/\/libellula.eu\/es\/author\/admin\/"}]}},"_links":{"self":[{"href":"https:\/\/libellula.eu\/es\/wp-json\/wp\/v2\/posts\/6997","targetHints":{"allow":["GET"]}}],"collection":[{"href":"https:\/\/libellula.eu\/es\/wp-json\/wp\/v2\/posts"}],"about":[{"href":"https:\/\/libellula.eu\/es\/wp-json\/wp\/v2\/types\/post"}],"author":[{"embeddable":true,"href":"https:\/\/libellula.eu\/es\/wp-json\/wp\/v2\/users\/1"}],"replies":[{"embeddable":true,"href":"https:\/\/libellula.eu\/es\/wp-json\/wp\/v2\/comments?post=6997"}],"version-history":[{"count":0,"href":"https:\/\/libellula.eu\/es\/wp-json\/wp\/v2\/posts\/6997\/revisions"}],"wp:featuredmedia":[{"embeddable":true,"href":"https:\/\/libellula.eu\/es\/wp-json\/wp\/v2\/media\/7006"}],"wp:attachment":[{"href":"https:\/\/libellula.eu\/es\/wp-json\/wp\/v2\/media?parent=6997"}],"wp:term":[{"taxonomy":"category","embeddable":true,"href":"https:\/\/libellula.eu\/es\/wp-json\/wp\/v2\/categories?post=6997"},{"taxonomy":"post_tag","embeddable":true,"href":"https:\/\/libellula.eu\/es\/wp-json\/wp\/v2\/tags?post=6997"}],"curies":[{"name":"wp","href":"https:\/\/api.w.org\/{rel}","templated":true}]}}