{"id":8814,"date":"2026-02-23T15:09:48","date_gmt":"2026-02-23T15:09:48","guid":{"rendered":"https:\/\/libellula.eu\/?p=8814"},"modified":"2026-02-23T16:37:46","modified_gmt":"2026-02-23T16:37:46","slug":"libellula-srl-unterstutzt-den-neuen-kindergarten-in-roreto-di-cherasco","status":"publish","type":"post","link":"https:\/\/libellula.eu\/de\/projekte\/libellula-srl-unterstutzt-den-neuen-kindergarten-in-roreto-di-cherasco\/","title":{"rendered":"Libellula Srl unterst\u00fctzt die neue Kindertagesst\u00e4tte in Roreto di Cherasco"},"content":{"rendered":"<p>Eine Investition in das Gebiet f\u00fcr Bildung, Wohlfahrt und Nachhaltigkeit<\/p>\n\n\n\n<h2 class=\"wp-block-heading\" id=\"h-il-progetto-del-nuovo-asilo-nido\"><strong>Das neue Kindergartenprojekt<\/strong><\/h2>\n\n\n\n<p>Libellula Srl geh\u00f6rt zu den Unternehmen, die sich entschieden haben, die Verwirklichung des <strong>neue \u00f6ffentliche Kindertagesst\u00e4tte in Roreto di Cherasco<\/strong>in der Zitadelle des<a href=\"https:\/\/www.linkedin.com\/posts\/libellula-s-r-l-_asilo-cherasco-activity-7382343956434673664-NVP8?utm_source=share&amp;utm_medium=member_desktop&amp;rcm=ACoAAAgDoqQBh0O6LHm40X_nUesnSlRlP_6PJRU\">Kindheit der Via Gandolfino<\/a>.<\/p>\n\n\n\n<p>Dank privater Beitr\u00e4ge in H\u00f6he von mehr als 200 000 EUR haben sechs lokale Unternehmen - darunter Libellula - eine \u00f6ffentliche Initiative zur Durchf\u00fchrung von Arbeiten unterst\u00fctzt, die nicht durch PNRR-Mittel abgedeckt sind. Die wichtigsten Interventionen betreffen:<\/p>\n\n\n\n<ul class=\"wp-block-list\">\n<li>Anordnung der Fu\u00dfwege<\/li>\n\n\n\n<li>Schaffung von Gr\u00fcnfl\u00e4chen<\/li>\n\n\n\n<li>Verbesserung der Zug\u00e4nglichkeit des st\u00e4dtischen Raums<\/li>\n<\/ul>\n\n\n\n<p>Diese Arbeiten tragen zu einer <strong>einladendes, nachhaltiges und integriertes Bildungsumfeld<\/strong>.<\/p>\n\n\n\n<h2 class=\"wp-block-heading\" id=\"h-caratteristiche-del-nuovo-asilo-nido\"><strong>Merkmale des neuen Kindergartens<\/strong><\/h2>\n\n\n\n<p>Der neue Kindergarten, der auf einer einzigen Etage von ca. 450 Quadratmetern entsteht, bietet Platz f\u00fcr bis zu <strong>30 Kinder<\/strong>. Die R\u00e4ume umfassen:<\/p>\n\n\n\n<ul class=\"wp-block-list\">\n<li>Unterrichtsr\u00e4ume und Workshops zur F\u00f6rderung der Kreativit\u00e4t<\/li>\n\n\n\n<li>Gemeinsame R\u00e4ume f\u00fcr Spiel und Wohlbefinden der Kinder<\/li>\n\n\n\n<li>Vom Teich inspiriertes Design mit nat\u00fcrlichen Materialien und zarten Farben<\/li>\n<\/ul>\n\n\n\n<p>Dar\u00fcber hinaus wird eine <strong>26 kW-Photovoltaikanlage<\/strong>Dies best\u00e4tigt, dass der Schwerpunkt auf \u00f6kologischer Nachhaltigkeit und Energieeffizienz liegt.<\/p>\n\n\n\n<figure class=\"wp-block-image size-large\"><img fetchpriority=\"high\" decoding=\"async\" width=\"1024\" height=\"561\" src=\"https:\/\/libellula.eu\/wp-content\/uploads\/2026\/02\/image-2-1024x561.png\" alt=\"\" class=\"wp-image-8819\" srcset=\"https:\/\/libellula.eu\/wp-content\/uploads\/2026\/02\/image-2-1024x561.png 1024w, https:\/\/libellula.eu\/wp-content\/uploads\/2026\/02\/image-2-300x165.png 300w, https:\/\/libellula.eu\/wp-content\/uploads\/2026\/02\/image-2-768x421.png 768w, https:\/\/libellula.eu\/wp-content\/uploads\/2026\/02\/image-2-18x10.png 18w, https:\/\/libellula.eu\/wp-content\/uploads\/2026\/02\/image-2.png 1200w\" sizes=\"(max-width: 1024px) 100vw, 1024px\" \/><\/figure>\n\n\n\n<h2 class=\"wp-block-heading\" id=\"h-il-ruolo-di-libellula-srl-nel-territorio\"><strong>Die Rolle von Libellula Srl in dem Gebiet<\/strong><\/h2>\n\n\n\n<p>F\u00fcr Libellula ist der Beitrag zum neuen Kindergarten eine konkrete Geste der <strong>R\u00fcckgabe an das Gebiet<\/strong> und Ma\u00dfnahmen im Einklang mit ihrer Unternehmensvision, die den Menschen und das kollektive Wohlergehen in den Mittelpunkt stellt.<\/p>\n\n\n\n<blockquote class=\"wp-block-quote is-layout-flow wp-block-quote-is-layout-flow\">\n<p>\"Wir sind davon \u00fcberzeugt, dass die Zukunft der Innovation auch in der F\u00e4higkeit liegt, sich Orte vorzustellen und zu bauen, an denen Bildung, Sch\u00f6nheit und Nachhaltigkeit miteinander verwoben sind\". <strong>Eleonora Alessandria, Personalleiterin bei Libellula<\/strong>.<\/p>\n<\/blockquote>\n\n\n\n<p>Die Kinder von Libellula-Mitarbeitern werden auch \u00fcber <strong>vorrangiger Zugang zum Dienst<\/strong>St\u00e4rkung der Verbindung zwischen Unternehmen, Menschen und Gemeinschaft.<\/p>\n\n\n\n<h2 class=\"wp-block-heading\" id=\"h-impegno-di-libellula-verso-welfare-e-responsabilita-sociale\"><strong>Das Engagement von Libellula f\u00fcr Wohlfahrt und soziale Verantwortung<\/strong><\/h2>\n\n\n\n<p>In den letzten Jahren hat Libellula eine strukturierte Politik entwickelt:<\/p>\n\n\n\n<ul class=\"wp-block-list\">\n<li>Unternehmenswohlfahrt mit dem <strong><a href=\"https:\/\/libellula.eu\/de\/projekte\/libellula-prasentiert-mind-the-break\/\">Achten Sie auf die Pause<\/a><\/strong><\/li>\n\n\n\n<li>Flexibilit\u00e4t und Unterst\u00fctzung bei der Elternschaft<\/li>\n\n\n\n<li>Eingliederung und Gleichstellung der Geschlechter mit \u00dcberwachung von KPIs, kontinuierlicher Schulung und engagierter F\u00fchrung<\/li>\n<\/ul>\n\n\n\n<blockquote class=\"wp-block-quote is-layout-flow wp-block-quote-is-layout-flow\">\n<p>Der Aufbau einer nachhaltigen Zukunft der Arbeit bedeutet Investitionen in die Menschen und in das Umfeld, in dem sie leben\". <strong>Umberto Cammardella, Gesch\u00e4ftsf\u00fchrer von Libellula<\/strong>.<\/p>\n<\/blockquote>\n\n\n\n<p>Die Unterst\u00fctzung f\u00fcr die Kinderkrippe spiegelt die Vision von Libellula wider <strong>Unternehmen, das nicht nur wirtschaftlichen, sondern auch sozialen Wert schafft<\/strong>.<\/p>\n\n\n\n<figure class=\"wp-block-image size-large\"><img decoding=\"async\" width=\"1024\" height=\"669\" data-src=\"https:\/\/libellula.eu\/wp-content\/uploads\/2026\/02\/WhatsApp-Image-2026-02-23-at-15.39.10-1024x669.jpeg\" alt=\"\" class=\"wp-image-8822 lazyload\" data-srcset=\"https:\/\/libellula.eu\/wp-content\/uploads\/2026\/02\/WhatsApp-Image-2026-02-23-at-15.39.10-1024x669.jpeg 1024w, https:\/\/libellula.eu\/wp-content\/uploads\/2026\/02\/WhatsApp-Image-2026-02-23-at-15.39.10-300x196.jpeg 300w, https:\/\/libellula.eu\/wp-content\/uploads\/2026\/02\/WhatsApp-Image-2026-02-23-at-15.39.10-768x502.jpeg 768w, https:\/\/libellula.eu\/wp-content\/uploads\/2026\/02\/WhatsApp-Image-2026-02-23-at-15.39.10-18x12.jpeg 18w, https:\/\/libellula.eu\/wp-content\/uploads\/2026\/02\/WhatsApp-Image-2026-02-23-at-15.39.10.jpeg 1200w\" data-sizes=\"(max-width: 1024px) 100vw, 1024px\" src=\"data:image\/svg+xml;base64,PHN2ZyB3aWR0aD0iMSIgaGVpZ2h0PSIxIiB4bWxucz0iaHR0cDovL3d3dy53My5vcmcvMjAwMC9zdmciPjwvc3ZnPg==\" style=\"--smush-placeholder-width: 1024px; --smush-placeholder-aspect-ratio: 1024\/669;\" \/><\/figure>\n\n\n\n<h2 class=\"wp-block-heading\" id=\"h-per-un-futuro-inclusivo-e-sostenibile\"><strong>F\u00fcr eine integrative und nachhaltige Zukunft<\/strong><\/h2>\n\n\n\n<p>Mit diesem Projekt bekr\u00e4ftigt Libellula sein Bestreben, nicht nur ein Benchmark in der Branche zu sein. <strong>Industrie-Software-Sektor<\/strong>sondern auch ein Gesch\u00e4ftsmodell, das sich kombinieren l\u00e4sst:<\/p>\n\n\n\n<ul class=\"wp-block-list\">\n<li>Technologische Innovation<\/li>\n\n\n\n<li>Aufmerksamkeit f\u00fcr Menschen<\/li>\n\n\n\n<li>Engagement f\u00fcr das Gebiet<\/li>\n<\/ul>\n\n\n\n<p>Der neue \u00f6ffentliche Kindergarten in Roreto di Cherasco wird so zu einem konkreten Symbol f\u00fcr <strong>Bildung, Nachhaltigkeit und Familienf\u00fcrsorge<\/strong>einen Beitrag zu einer integrativeren Zukunft f\u00fcr die neuen Generationen zu leisten.<\/p>\n\n\n\n<figure class=\"wp-block-image size-full\"><img decoding=\"async\" width=\"751\" height=\"740\" data-src=\"https:\/\/libellula.eu\/wp-content\/uploads\/2026\/02\/Gemini_Generated_Image_6h92lx6h92lx6h92-1.png\" alt=\"\" class=\"wp-image-8827 lazyload\" data-srcset=\"https:\/\/libellula.eu\/wp-content\/uploads\/2026\/02\/Gemini_Generated_Image_6h92lx6h92lx6h92-1.png 751w, https:\/\/libellula.eu\/wp-content\/uploads\/2026\/02\/Gemini_Generated_Image_6h92lx6h92lx6h92-1-300x296.png 300w, https:\/\/libellula.eu\/wp-content\/uploads\/2026\/02\/Gemini_Generated_Image_6h92lx6h92lx6h92-1-12x12.png 12w\" data-sizes=\"(max-width: 751px) 100vw, 751px\" src=\"data:image\/svg+xml;base64,PHN2ZyB3aWR0aD0iMSIgaGVpZ2h0PSIxIiB4bWxucz0iaHR0cDovL3d3dy53My5vcmcvMjAwMC9zdmciPjwvc3ZnPg==\" style=\"--smush-placeholder-width: 751px; --smush-placeholder-aspect-ratio: 751\/740;\" \/><\/figure>","protected":false},"excerpt":{"rendered":"<p>Un investimento nel territorio per l\u2019educazione, il benessere e la sostenibilit\u00e0 Il progetto del nuovo asilo nido Libellula Srl \u00e8 tra le aziende che hanno scelto di sostenere la realizzazione del nuovo asilo nido pubblico di Roreto di Cherasco, situato nella cittadella dell\u2019infanzia di via Gandolfino. Grazie a oltre 200.000 euro di contributi privati, sei [&hellip;]<\/p>\n","protected":false},"author":3,"featured_media":8815,"comment_status":"open","ping_status":"open","sticky":false,"template":"","format":"standard","meta":{"footnotes":""},"categories":[32],"tags":[],"class_list":["post-8814","post","type-post","status-publish","format-standard","has-post-thumbnail","hentry","category-progetti"],"yoast_head":"<!-- This site is optimized with the Yoast SEO Premium plugin v26.1 (Yoast SEO v27.4) - https:\/\/yoast.com\/product\/yoast-seo-premium-wordpress\/ -->\n<title>Libellula Srl sostiene il nuovo asilo nido di Roreto di Cherasco - Libellula<\/title>\n<meta name=\"description\" content=\"Libellula Srl contribuisce al nuovo asilo nido pubblico di Roreto, promuovendo educazione, sostenibilit\u00e0 e benessere delle famiglie\" \/>\n<meta name=\"robots\" content=\"index, follow, max-snippet:-1, max-image-preview:large, max-video-preview:-1\" \/>\n<link rel=\"canonical\" href=\"https:\/\/libellula.eu\/de\/projekte\/libellula-srl-unterstutzt-den-neuen-kindergarten-in-roreto-di-cherasco\/\" \/>\n<meta property=\"og:locale\" content=\"de_DE\" \/>\n<meta property=\"og:type\" content=\"article\" \/>\n<meta property=\"og:title\" content=\"Libellula Srl sostiene il nuovo asilo nido di Roreto di Cherasco\" \/>\n<meta property=\"og:description\" content=\"Libellula Srl contribuisce al nuovo asilo nido pubblico di Roreto, promuovendo educazione, sostenibilit\u00e0 e benessere delle famiglie\" \/>\n<meta property=\"og:url\" content=\"https:\/\/libellula.eu\/de\/projekte\/libellula-srl-unterstutzt-den-neuen-kindergarten-in-roreto-di-cherasco\/\" \/>\n<meta property=\"og:site_name\" content=\"Libellula\" \/>\n<meta property=\"article:published_time\" content=\"2026-02-23T15:09:48+00:00\" \/>\n<meta property=\"article:modified_time\" content=\"2026-02-23T16:37:46+00:00\" \/>\n<meta property=\"og:image\" content=\"https:\/\/libellula.eu\/wp-content\/uploads\/2026\/02\/WhatsApp-Image-2026-02-11-at-16.36.40.jpeg\" \/>\n\t<meta property=\"og:image:width\" content=\"1600\" \/>\n\t<meta property=\"og:image:height\" content=\"1200\" \/>\n\t<meta property=\"og:image:type\" content=\"image\/jpeg\" \/>\n<meta name=\"author\" content=\"Silvia\" \/>\n<meta name=\"twitter:card\" content=\"summary_large_image\" \/>\n<meta name=\"twitter:label1\" content=\"Verfasst von\" \/>\n\t<meta name=\"twitter:data1\" content=\"Silvia\" \/>\n\t<meta name=\"twitter:label2\" content=\"Gesch\u00e4tzte Lesezeit\" \/>\n\t<meta name=\"twitter:data2\" content=\"3\u00a0Minuten\" \/>\n<script type=\"application\/ld+json\" class=\"yoast-schema-graph\">{\"@context\":\"https:\\\/\\\/schema.org\",\"@graph\":[{\"@type\":\"Article\",\"@id\":\"https:\\\/\\\/libellula.eu\\\/progetti\\\/libellula-srl-sostiene-il-nuovo-asilo-nido-di-roreto-di-cherasco\\\/#article\",\"isPartOf\":{\"@id\":\"https:\\\/\\\/libellula.eu\\\/progetti\\\/libellula-srl-sostiene-il-nuovo-asilo-nido-di-roreto-di-cherasco\\\/\"},\"author\":{\"name\":\"Silvia\",\"@id\":\"https:\\\/\\\/libellula.eu\\\/#\\\/schema\\\/person\\\/a995fc56d90830242e8ccfa82e6e3c08\"},\"headline\":\"Libellula Srl sostiene il nuovo asilo nido di Roreto di Cherasco\",\"datePublished\":\"2026-02-23T15:09:48+00:00\",\"dateModified\":\"2026-02-23T16:37:46+00:00\",\"mainEntityOfPage\":{\"@id\":\"https:\\\/\\\/libellula.eu\\\/progetti\\\/libellula-srl-sostiene-il-nuovo-asilo-nido-di-roreto-di-cherasco\\\/\"},\"wordCount\":444,\"commentCount\":0,\"image\":{\"@id\":\"https:\\\/\\\/libellula.eu\\\/progetti\\\/libellula-srl-sostiene-il-nuovo-asilo-nido-di-roreto-di-cherasco\\\/#primaryimage\"},\"thumbnailUrl\":\"https:\\\/\\\/libellula.eu\\\/wp-content\\\/uploads\\\/2026\\\/02\\\/WhatsApp-Image-2026-02-11-at-16.36.40.jpeg\",\"articleSection\":[\"Progetti\"],\"inLanguage\":\"de\",\"potentialAction\":[{\"@type\":\"CommentAction\",\"name\":\"Comment\",\"target\":[\"https:\\\/\\\/libellula.eu\\\/progetti\\\/libellula-srl-sostiene-il-nuovo-asilo-nido-di-roreto-di-cherasco\\\/#respond\"]}]},{\"@type\":\"WebPage\",\"@id\":\"https:\\\/\\\/libellula.eu\\\/progetti\\\/libellula-srl-sostiene-il-nuovo-asilo-nido-di-roreto-di-cherasco\\\/\",\"url\":\"https:\\\/\\\/libellula.eu\\\/progetti\\\/libellula-srl-sostiene-il-nuovo-asilo-nido-di-roreto-di-cherasco\\\/\",\"name\":\"Libellula Srl sostiene il nuovo asilo nido di Roreto di Cherasco - Libellula\",\"isPartOf\":{\"@id\":\"https:\\\/\\\/libellula.eu\\\/#website\"},\"primaryImageOfPage\":{\"@id\":\"https:\\\/\\\/libellula.eu\\\/progetti\\\/libellula-srl-sostiene-il-nuovo-asilo-nido-di-roreto-di-cherasco\\\/#primaryimage\"},\"image\":{\"@id\":\"https:\\\/\\\/libellula.eu\\\/progetti\\\/libellula-srl-sostiene-il-nuovo-asilo-nido-di-roreto-di-cherasco\\\/#primaryimage\"},\"thumbnailUrl\":\"https:\\\/\\\/libellula.eu\\\/wp-content\\\/uploads\\\/2026\\\/02\\\/WhatsApp-Image-2026-02-11-at-16.36.40.jpeg\",\"datePublished\":\"2026-02-23T15:09:48+00:00\",\"dateModified\":\"2026-02-23T16:37:46+00:00\",\"author\":{\"@id\":\"https:\\\/\\\/libellula.eu\\\/#\\\/schema\\\/person\\\/a995fc56d90830242e8ccfa82e6e3c08\"},\"description\":\"Libellula Srl contribuisce al nuovo asilo nido pubblico di Roreto, promuovendo educazione, sostenibilit\u00e0 e benessere delle famiglie\",\"breadcrumb\":{\"@id\":\"https:\\\/\\\/libellula.eu\\\/progetti\\\/libellula-srl-sostiene-il-nuovo-asilo-nido-di-roreto-di-cherasco\\\/#breadcrumb\"},\"inLanguage\":\"de\",\"potentialAction\":[{\"@type\":\"ReadAction\",\"target\":[\"https:\\\/\\\/libellula.eu\\\/progetti\\\/libellula-srl-sostiene-il-nuovo-asilo-nido-di-roreto-di-cherasco\\\/\"]}]},{\"@type\":\"ImageObject\",\"inLanguage\":\"de\",\"@id\":\"https:\\\/\\\/libellula.eu\\\/progetti\\\/libellula-srl-sostiene-il-nuovo-asilo-nido-di-roreto-di-cherasco\\\/#primaryimage\",\"url\":\"https:\\\/\\\/libellula.eu\\\/wp-content\\\/uploads\\\/2026\\\/02\\\/WhatsApp-Image-2026-02-11-at-16.36.40.jpeg\",\"contentUrl\":\"https:\\\/\\\/libellula.eu\\\/wp-content\\\/uploads\\\/2026\\\/02\\\/WhatsApp-Image-2026-02-11-at-16.36.40.jpeg\",\"width\":1600,\"height\":1200,\"caption\":\"Libellula asilo nido Roreto\"},{\"@type\":\"BreadcrumbList\",\"@id\":\"https:\\\/\\\/libellula.eu\\\/progetti\\\/libellula-srl-sostiene-il-nuovo-asilo-nido-di-roreto-di-cherasco\\\/#breadcrumb\",\"itemListElement\":[{\"@type\":\"ListItem\",\"position\":1,\"name\":\"Home\",\"item\":\"https:\\\/\\\/libellula.eu\\\/\"},{\"@type\":\"ListItem\",\"position\":2,\"name\":\"Libellula Srl sostiene il nuovo asilo nido di Roreto di Cherasco\"}]},{\"@type\":\"WebSite\",\"@id\":\"https:\\\/\\\/libellula.eu\\\/#website\",\"url\":\"https:\\\/\\\/libellula.eu\\\/\",\"name\":\"Libellula\",\"description\":\"\",\"potentialAction\":[{\"@type\":\"SearchAction\",\"target\":{\"@type\":\"EntryPoint\",\"urlTemplate\":\"https:\\\/\\\/libellula.eu\\\/?s={search_term_string}\"},\"query-input\":{\"@type\":\"PropertyValueSpecification\",\"valueRequired\":true,\"valueName\":\"search_term_string\"}}],\"inLanguage\":\"de\"},{\"@type\":\"Person\",\"@id\":\"https:\\\/\\\/libellula.eu\\\/#\\\/schema\\\/person\\\/a995fc56d90830242e8ccfa82e6e3c08\",\"name\":\"Silvia\",\"image\":{\"@type\":\"ImageObject\",\"inLanguage\":\"de\",\"@id\":\"https:\\\/\\\/secure.gravatar.com\\\/avatar\\\/72271e59c789bb20155b3fe4c0294add39cacf3d666c9832d7bc65f846a32447?s=96&d=mm&r=g\",\"url\":\"https:\\\/\\\/secure.gravatar.com\\\/avatar\\\/72271e59c789bb20155b3fe4c0294add39cacf3d666c9832d7bc65f846a32447?s=96&d=mm&r=g\",\"contentUrl\":\"https:\\\/\\\/secure.gravatar.com\\\/avatar\\\/72271e59c789bb20155b3fe4c0294add39cacf3d666c9832d7bc65f846a32447?s=96&d=mm&r=g\",\"caption\":\"Silvia\"},\"url\":\"https:\\\/\\\/libellula.eu\\\/de\\\/author\\\/silvia\\\/\"}]}<\/script>\n<!-- \/ Yoast SEO Premium plugin. -->","yoast_head_json":{"title":"Libellula Srl unterst\u00fctzt den neuen Kindergarten in Roreto di Cherasco - Libellula","description":"Libellula Srl leistet einen Beitrag zum neuen \u00f6ffentlichen Kindergarten in Roreto und f\u00f6rdert damit Bildung, Nachhaltigkeit und Familienwohlfahrt","robots":{"index":"index","follow":"follow","max-snippet":"max-snippet:-1","max-image-preview":"max-image-preview:large","max-video-preview":"max-video-preview:-1"},"canonical":"https:\/\/libellula.eu\/de\/projekte\/libellula-srl-unterstutzt-den-neuen-kindergarten-in-roreto-di-cherasco\/","og_locale":"de_DE","og_type":"article","og_title":"Libellula Srl sostiene il nuovo asilo nido di Roreto di Cherasco","og_description":"Libellula Srl contribuisce al nuovo asilo nido pubblico di Roreto, promuovendo educazione, sostenibilit\u00e0 e benessere delle famiglie","og_url":"https:\/\/libellula.eu\/de\/projekte\/libellula-srl-unterstutzt-den-neuen-kindergarten-in-roreto-di-cherasco\/","og_site_name":"Libellula","article_published_time":"2026-02-23T15:09:48+00:00","article_modified_time":"2026-02-23T16:37:46+00:00","og_image":[{"width":1600,"height":1200,"url":"https:\/\/libellula.eu\/wp-content\/uploads\/2026\/02\/WhatsApp-Image-2026-02-11-at-16.36.40.jpeg","type":"image\/jpeg"}],"author":"Silvia","twitter_card":"summary_large_image","twitter_misc":{"Verfasst von":"Silvia","Gesch\u00e4tzte Lesezeit":"3\u00a0Minuten"},"schema":{"@context":"https:\/\/schema.org","@graph":[{"@type":"Article","@id":"https:\/\/libellula.eu\/progetti\/libellula-srl-sostiene-il-nuovo-asilo-nido-di-roreto-di-cherasco\/#article","isPartOf":{"@id":"https:\/\/libellula.eu\/progetti\/libellula-srl-sostiene-il-nuovo-asilo-nido-di-roreto-di-cherasco\/"},"author":{"name":"Silvia","@id":"https:\/\/libellula.eu\/#\/schema\/person\/a995fc56d90830242e8ccfa82e6e3c08"},"headline":"Libellula Srl sostiene il nuovo asilo nido di Roreto di Cherasco","datePublished":"2026-02-23T15:09:48+00:00","dateModified":"2026-02-23T16:37:46+00:00","mainEntityOfPage":{"@id":"https:\/\/libellula.eu\/progetti\/libellula-srl-sostiene-il-nuovo-asilo-nido-di-roreto-di-cherasco\/"},"wordCount":444,"commentCount":0,"image":{"@id":"https:\/\/libellula.eu\/progetti\/libellula-srl-sostiene-il-nuovo-asilo-nido-di-roreto-di-cherasco\/#primaryimage"},"thumbnailUrl":"https:\/\/libellula.eu\/wp-content\/uploads\/2026\/02\/WhatsApp-Image-2026-02-11-at-16.36.40.jpeg","articleSection":["Progetti"],"inLanguage":"de","potentialAction":[{"@type":"CommentAction","name":"Comment","target":["https:\/\/libellula.eu\/progetti\/libellula-srl-sostiene-il-nuovo-asilo-nido-di-roreto-di-cherasco\/#respond"]}]},{"@type":"WebPage","@id":"https:\/\/libellula.eu\/progetti\/libellula-srl-sostiene-il-nuovo-asilo-nido-di-roreto-di-cherasco\/","url":"https:\/\/libellula.eu\/progetti\/libellula-srl-sostiene-il-nuovo-asilo-nido-di-roreto-di-cherasco\/","name":"Libellula Srl unterst\u00fctzt den neuen Kindergarten in Roreto di Cherasco - Libellula","isPartOf":{"@id":"https:\/\/libellula.eu\/#website"},"primaryImageOfPage":{"@id":"https:\/\/libellula.eu\/progetti\/libellula-srl-sostiene-il-nuovo-asilo-nido-di-roreto-di-cherasco\/#primaryimage"},"image":{"@id":"https:\/\/libellula.eu\/progetti\/libellula-srl-sostiene-il-nuovo-asilo-nido-di-roreto-di-cherasco\/#primaryimage"},"thumbnailUrl":"https:\/\/libellula.eu\/wp-content\/uploads\/2026\/02\/WhatsApp-Image-2026-02-11-at-16.36.40.jpeg","datePublished":"2026-02-23T15:09:48+00:00","dateModified":"2026-02-23T16:37:46+00:00","author":{"@id":"https:\/\/libellula.eu\/#\/schema\/person\/a995fc56d90830242e8ccfa82e6e3c08"},"description":"Libellula Srl leistet einen Beitrag zum neuen \u00f6ffentlichen Kindergarten in Roreto und f\u00f6rdert damit Bildung, Nachhaltigkeit und Familienwohlfahrt","breadcrumb":{"@id":"https:\/\/libellula.eu\/progetti\/libellula-srl-sostiene-il-nuovo-asilo-nido-di-roreto-di-cherasco\/#breadcrumb"},"inLanguage":"de","potentialAction":[{"@type":"ReadAction","target":["https:\/\/libellula.eu\/progetti\/libellula-srl-sostiene-il-nuovo-asilo-nido-di-roreto-di-cherasco\/"]}]},{"@type":"ImageObject","inLanguage":"de","@id":"https:\/\/libellula.eu\/progetti\/libellula-srl-sostiene-il-nuovo-asilo-nido-di-roreto-di-cherasco\/#primaryimage","url":"https:\/\/libellula.eu\/wp-content\/uploads\/2026\/02\/WhatsApp-Image-2026-02-11-at-16.36.40.jpeg","contentUrl":"https:\/\/libellula.eu\/wp-content\/uploads\/2026\/02\/WhatsApp-Image-2026-02-11-at-16.36.40.jpeg","width":1600,"height":1200,"caption":"Libellula asilo nido Roreto"},{"@type":"BreadcrumbList","@id":"https:\/\/libellula.eu\/progetti\/libellula-srl-sostiene-il-nuovo-asilo-nido-di-roreto-di-cherasco\/#breadcrumb","itemListElement":[{"@type":"ListItem","position":1,"name":"Home","item":"https:\/\/libellula.eu\/"},{"@type":"ListItem","position":2,"name":"Libellula Srl sostiene il nuovo asilo nido di Roreto di Cherasco"}]},{"@type":"WebSite","@id":"https:\/\/libellula.eu\/#website","url":"https:\/\/libellula.eu\/","name":"Libellula","description":"","potentialAction":[{"@type":"SearchAction","target":{"@type":"EntryPoint","urlTemplate":"https:\/\/libellula.eu\/?s={search_term_string}"},"query-input":{"@type":"PropertyValueSpecification","valueRequired":true,"valueName":"search_term_string"}}],"inLanguage":"de"},{"@type":"Person","@id":"https:\/\/libellula.eu\/#\/schema\/person\/a995fc56d90830242e8ccfa82e6e3c08","name":"Silvia","image":{"@type":"ImageObject","inLanguage":"de","@id":"https:\/\/secure.gravatar.com\/avatar\/72271e59c789bb20155b3fe4c0294add39cacf3d666c9832d7bc65f846a32447?s=96&d=mm&r=g","url":"https:\/\/secure.gravatar.com\/avatar\/72271e59c789bb20155b3fe4c0294add39cacf3d666c9832d7bc65f846a32447?s=96&d=mm&r=g","contentUrl":"https:\/\/secure.gravatar.com\/avatar\/72271e59c789bb20155b3fe4c0294add39cacf3d666c9832d7bc65f846a32447?s=96&d=mm&r=g","caption":"Silvia"},"url":"https:\/\/libellula.eu\/de\/author\/silvia\/"}]}},"_links":{"self":[{"href":"https:\/\/libellula.eu\/de\/wp-json\/wp\/v2\/posts\/8814","targetHints":{"allow":["GET"]}}],"collection":[{"href":"https:\/\/libellula.eu\/de\/wp-json\/wp\/v2\/posts"}],"about":[{"href":"https:\/\/libellula.eu\/de\/wp-json\/wp\/v2\/types\/post"}],"author":[{"embeddable":true,"href":"https:\/\/libellula.eu\/de\/wp-json\/wp\/v2\/users\/3"}],"replies":[{"embeddable":true,"href":"https:\/\/libellula.eu\/de\/wp-json\/wp\/v2\/comments?post=8814"}],"version-history":[{"count":5,"href":"https:\/\/libellula.eu\/de\/wp-json\/wp\/v2\/posts\/8814\/revisions"}],"predecessor-version":[{"id":8830,"href":"https:\/\/libellula.eu\/de\/wp-json\/wp\/v2\/posts\/8814\/revisions\/8830"}],"wp:featuredmedia":[{"embeddable":true,"href":"https:\/\/libellula.eu\/de\/wp-json\/wp\/v2\/media\/8815"}],"wp:attachment":[{"href":"https:\/\/libellula.eu\/de\/wp-json\/wp\/v2\/media?parent=8814"}],"wp:term":[{"taxonomy":"category","embeddable":true,"href":"https:\/\/libellula.eu\/de\/wp-json\/wp\/v2\/categories?post=8814"},{"taxonomy":"post_tag","embeddable":true,"href":"https:\/\/libellula.eu\/de\/wp-json\/wp\/v2\/tags?post=8814"}],"curies":[{"name":"wp","href":"https:\/\/api.w.org\/{rel}","templated":true}]}}